{"id":17557,"date":"2016-06-01T10:24:16","date_gmt":"2016-06-01T08:24:16","guid":{"rendered":"http:\/\/www.kunstgalerie-barbara.de\/blog\/?p=17557"},"modified":"2016-06-01T10:28:08","modified_gmt":"2016-06-01T08:28:08","slug":"sehr-umfangreiche-und-laute-tiefbauarbeiten-im-dorf-es-werden-die-abflussrohre-in-den-strassen-und-wegen-erneuert-ueber-achtzig-jahre-haben-sie-gehalten-so-lange-wie-es-die-haeuser-der-westfalensied","status":"publish","type":"post","link":"http:\/\/www.kunstgalerie-barbara.de\/blog\/2016\/06\/sehr-umfangreiche-und-laute-tiefbauarbeiten-im-dorf-es-werden-die-abflussrohre-in-den-strassen-und-wegen-erneuert-ueber-achtzig-jahre-haben-sie-gehalten-so-lange-wie-es-die-haeuser-der-westfalensied\/","title":{"rendered":"Sehr umfangreiche und laute Tiefbauarbeiten im Dorf! Es werden die Abflu\u00dfrohre in den Strassen und Wegen erneuert. \u00dcber achtzig Jahre haben sie gehalten so lange wie es die H\u00e4user der Westfalensiedlung gibt und sie h\u00e4tten vermutlich auch noch l\u00e4nger \u00fcberdauert, denn sie waren \u00e4u\u00dferst stabil und aus lasiertem Ton. Doch man hat beschlossen sie gegen Neue auszutauschen Neue aus Kunststoff. Es ist mit Recht zu bezweifeln, dass diese neuen Rohre das achtzigste Lebensjahr erreichen werden!"},"content":{"rendered":"<p><a href=\"http:\/\/www.kunstgalerie-barbara.de\/blog\/wp-content\/uploads\/2016\/06\/Tiefbauarbeiten-Kopie.jpg\"><img loading=\"lazy\" decoding=\"async\" class=\"aligncenter wp-image-17558 size-full\" src=\"http:\/\/www.kunstgalerie-barbara.de\/blog\/wp-content\/uploads\/2016\/06\/Tiefbauarbeiten-Kopie.jpg\" alt=\"Tiefbauarbeiten Kopie\" width=\"450\" height=\"600\" srcset=\"http:\/\/www.kunstgalerie-barbara.de\/blog\/wp-content\/uploads\/2016\/06\/Tiefbauarbeiten-Kopie.jpg 450w, http:\/\/www.kunstgalerie-barbara.de\/blog\/wp-content\/uploads\/2016\/06\/Tiefbauarbeiten-Kopie-225x300.jpg 225w\" sizes=\"(max-width: 450px) 100vw, 450px\" \/><\/a><\/p>\n","protected":false},"excerpt":{"rendered":"","protected":false},"author":1,"featured_media":0,"comment_status":"open","ping_status":"open","sticky":false,"template":"","format":"standard","meta":{"footnotes":""},"categories":[66],"tags":[],"jetpack_featured_media_url":"","_links":{"self":[{"href":"http:\/\/www.kunstgalerie-barbara.de\/blog\/wp-json\/wp\/v2\/posts\/17557"}],"collection":[{"href":"http:\/\/www.kunstgalerie-barbara.de\/blog\/wp-json\/wp\/v2\/posts"}],"about":[{"href":"http:\/\/www.kunstgalerie-barbara.de\/blog\/wp-json\/wp\/v2\/types\/post"}],"author":[{"embeddable":true,"href":"http:\/\/www.kunstgalerie-barbara.de\/blog\/wp-json\/wp\/v2\/users\/1"}],"replies":[{"embeddable":true,"href":"http:\/\/www.kunstgalerie-barbara.de\/blog\/wp-json\/wp\/v2\/comments?post=17557"}],"version-history":[{"count":1,"href":"http:\/\/www.kunstgalerie-barbara.de\/blog\/wp-json\/wp\/v2\/posts\/17557\/revisions"}],"predecessor-version":[{"id":17561,"href":"http:\/\/www.kunstgalerie-barbara.de\/blog\/wp-json\/wp\/v2\/posts\/17557\/revisions\/17561"}],"wp:attachment":[{"href":"http:\/\/www.kunstgalerie-barbara.de\/blog\/wp-json\/wp\/v2\/media?parent=17557"}],"wp:term":[{"taxonomy":"category","embeddable":true,"href":"http:\/\/www.kunstgalerie-barbara.de\/blog\/wp-json\/wp\/v2\/categories?post=17557"},{"taxonomy":"post_tag","embeddable":true,"href":"http:\/\/www.kunstgalerie-barbara.de\/blog\/wp-json\/wp\/v2\/tags?post=17557"}],"curies":[{"name":"wp","href":"https:\/\/api.w.org\/{rel}","templated":true}]}}