{"id":17588,"date":"2016-06-08T09:25:07","date_gmt":"2016-06-08T07:25:07","guid":{"rendered":"http:\/\/www.kunstgalerie-barbara.de\/blog\/?p=17588"},"modified":"2016-06-08T09:25:08","modified_gmt":"2016-06-08T07:25:08","slug":"moevenkuecken-in-der-ueberseestadt-gehoeren-leider-der-vergangenheit-an-denn-die-moeglichkeit-in-ruhe-zu-brueten-wurde-durch-die-bauvorhaben-drastisch-reduziert-wir-brauchen-uns-also-nicht-zu-wunder","status":"publish","type":"post","link":"http:\/\/www.kunstgalerie-barbara.de\/blog\/2016\/06\/moevenkuecken-in-der-ueberseestadt-gehoeren-leider-der-vergangenheit-an-denn-die-moeglichkeit-in-ruhe-zu-brueten-wurde-durch-die-bauvorhaben-drastisch-reduziert-wir-brauchen-uns-also-nicht-zu-wunder\/","title":{"rendered":"M\u00f6venk\u00fccken in der \u00dcberseestadt geh\u00f6ren leider der Vergangenheit an, denn die M\u00f6glichkeit in Ruhe zu br\u00fcten wurde durch die Bauvorhaben drastisch reduziert! Wir brauchen uns also nicht zu wundern, wenn die Populationen von heimischen Vogelarten zur\u00fcck gehen!"},"content":{"rendered":"<p><a href=\"http:\/\/www.kunstgalerie-barbara.de\/blog\/wp-content\/uploads\/2016\/06\/P1140425-Kopie.jpg\"><img loading=\"lazy\" decoding=\"async\" class=\"aligncenter wp-image-17589 size-full\" src=\"http:\/\/www.kunstgalerie-barbara.de\/blog\/wp-content\/uploads\/2016\/06\/P1140425-Kopie.jpg\" alt=\"P1140425 Kopie\" width=\"336\" height=\"600\" srcset=\"http:\/\/www.kunstgalerie-barbara.de\/blog\/wp-content\/uploads\/2016\/06\/P1140425-Kopie.jpg 336w, http:\/\/www.kunstgalerie-barbara.de\/blog\/wp-content\/uploads\/2016\/06\/P1140425-Kopie-168x300.jpg 168w\" sizes=\"(max-width: 336px) 100vw, 336px\" \/><\/a><\/p>\n","protected":false},"excerpt":{"rendered":"","protected":false},"author":1,"featured_media":0,"comment_status":"open","ping_status":"open","sticky":false,"template":"","format":"standard","meta":{"footnotes":""},"categories":[70,67,71,51,64],"tags":[],"jetpack_featured_media_url":"","_links":{"self":[{"href":"http:\/\/www.kunstgalerie-barbara.de\/blog\/wp-json\/wp\/v2\/posts\/17588"}],"collection":[{"href":"http:\/\/www.kunstgalerie-barbara.de\/blog\/wp-json\/wp\/v2\/posts"}],"about":[{"href":"http:\/\/www.kunstgalerie-barbara.de\/blog\/wp-json\/wp\/v2\/types\/post"}],"author":[{"embeddable":true,"href":"http:\/\/www.kunstgalerie-barbara.de\/blog\/wp-json\/wp\/v2\/users\/1"}],"replies":[{"embeddable":true,"href":"http:\/\/www.kunstgalerie-barbara.de\/blog\/wp-json\/wp\/v2\/comments?post=17588"}],"version-history":[{"count":1,"href":"http:\/\/www.kunstgalerie-barbara.de\/blog\/wp-json\/wp\/v2\/posts\/17588\/revisions"}],"predecessor-version":[{"id":17590,"href":"http:\/\/www.kunstgalerie-barbara.de\/blog\/wp-json\/wp\/v2\/posts\/17588\/revisions\/17590"}],"wp:attachment":[{"href":"http:\/\/www.kunstgalerie-barbara.de\/blog\/wp-json\/wp\/v2\/media?parent=17588"}],"wp:term":[{"taxonomy":"category","embeddable":true,"href":"http:\/\/www.kunstgalerie-barbara.de\/blog\/wp-json\/wp\/v2\/categories?post=17588"},{"taxonomy":"post_tag","embeddable":true,"href":"http:\/\/www.kunstgalerie-barbara.de\/blog\/wp-json\/wp\/v2\/tags?post=17588"}],"curies":[{"name":"wp","href":"https:\/\/api.w.org\/{rel}","templated":true}]}}