{"id":17608,"date":"2016-06-12T07:03:37","date_gmt":"2016-06-12T05:03:37","guid":{"rendered":"http:\/\/www.kunstgalerie-barbara.de\/blog\/?p=17608"},"modified":"2016-06-14T17:22:19","modified_gmt":"2016-06-14T15:22:19","slug":"freilicht-konzertprobe-der-bremer-philharmoniker-im-bremer-buergerpark","status":"publish","type":"post","link":"http:\/\/www.kunstgalerie-barbara.de\/blog\/2016\/06\/freilicht-konzertprobe-der-bremer-philharmoniker-im-bremer-buergerpark\/","title":{"rendered":"Freilicht-Konzertprobe der Bremer Philharmoniker  im Bremer B\u00fcrgerpark&#8230;"},"content":{"rendered":"<p><a href=\"http:\/\/www.kunstgalerie-barbara.de\/blog\/wp-content\/uploads\/2016\/06\/P1080107-Kopie.jpg\"><img loading=\"lazy\" decoding=\"async\" class=\"aligncenter wp-image-17622 size-full\" src=\"http:\/\/www.kunstgalerie-barbara.de\/blog\/wp-content\/uploads\/2016\/06\/P1080107-Kopie.jpg\" alt=\"P1080107 Kopie\" width=\"450\" height=\"339\" srcset=\"http:\/\/www.kunstgalerie-barbara.de\/blog\/wp-content\/uploads\/2016\/06\/P1080107-Kopie.jpg 450w, http:\/\/www.kunstgalerie-barbara.de\/blog\/wp-content\/uploads\/2016\/06\/P1080107-Kopie-300x226.jpg 300w\" sizes=\"(max-width: 450px) 100vw, 450px\" \/><\/a>Das Konzert zu Ehren des 15o Geburtstages des Bremer B\u00fcrgerparks findet heute Abend den 12 Juni 2o16 um 19 Uhr statt. Genie\u00dfen kann man es auch ohne Stuhl, denn der kostet 30-40 Euro. Wer will kann sich schlie\u00dflich seinen eigenen Klappstuhl mitbringen. Alle anderen Veranstaltungen zu Ehren des B\u00fcrgerparkgeburtstags sind eintrittsfrei&#8230;<\/p>\n","protected":false},"excerpt":{"rendered":"<p>Das Konzert zu Ehren des 15o Geburtstages des Bremer B\u00fcrgerparks findet heute Abend den 12 Juni 2o16 um 19 Uhr statt. Genie\u00dfen kann man es auch ohne Stuhl, denn der kostet 30-40 Euro. Wer will kann sich schlie\u00dflich seinen eigenen Klappstuhl mitbringen. Alle anderen Veranstaltungen zu Ehren des B\u00fcrgerparkgeburtstags sind eintrittsfrei&#8230;<\/p>\n","protected":false},"author":1,"featured_media":0,"comment_status":"open","ping_status":"open","sticky":false,"template":"","format":"standard","meta":{"footnotes":""},"categories":[70,51],"tags":[],"jetpack_featured_media_url":"","_links":{"self":[{"href":"http:\/\/www.kunstgalerie-barbara.de\/blog\/wp-json\/wp\/v2\/posts\/17608"}],"collection":[{"href":"http:\/\/www.kunstgalerie-barbara.de\/blog\/wp-json\/wp\/v2\/posts"}],"about":[{"href":"http:\/\/www.kunstgalerie-barbara.de\/blog\/wp-json\/wp\/v2\/types\/post"}],"author":[{"embeddable":true,"href":"http:\/\/www.kunstgalerie-barbara.de\/blog\/wp-json\/wp\/v2\/users\/1"}],"replies":[{"embeddable":true,"href":"http:\/\/www.kunstgalerie-barbara.de\/blog\/wp-json\/wp\/v2\/comments?post=17608"}],"version-history":[{"count":1,"href":"http:\/\/www.kunstgalerie-barbara.de\/blog\/wp-json\/wp\/v2\/posts\/17608\/revisions"}],"predecessor-version":[{"id":17623,"href":"http:\/\/www.kunstgalerie-barbara.de\/blog\/wp-json\/wp\/v2\/posts\/17608\/revisions\/17623"}],"wp:attachment":[{"href":"http:\/\/www.kunstgalerie-barbara.de\/blog\/wp-json\/wp\/v2\/media?parent=17608"}],"wp:term":[{"taxonomy":"category","embeddable":true,"href":"http:\/\/www.kunstgalerie-barbara.de\/blog\/wp-json\/wp\/v2\/categories?post=17608"},{"taxonomy":"post_tag","embeddable":true,"href":"http:\/\/www.kunstgalerie-barbara.de\/blog\/wp-json\/wp\/v2\/tags?post=17608"}],"curies":[{"name":"wp","href":"https:\/\/api.w.org\/{rel}","templated":true}]}}