{"id":17716,"date":"2016-07-07T10:46:08","date_gmt":"2016-07-07T08:46:08","guid":{"rendered":"http:\/\/www.kunstgalerie-barbara.de\/blog\/?p=17716"},"modified":"2016-07-07T10:48:16","modified_gmt":"2016-07-07T08:48:16","slug":"ein-buntspecht-im-garten-ist-schon-etwas-besonderes","status":"publish","type":"post","link":"http:\/\/www.kunstgalerie-barbara.de\/blog\/2016\/07\/ein-buntspecht-im-garten-ist-schon-etwas-besonderes\/","title":{"rendered":"Ein Buntspecht im Garten ist schon etwas Besonderes&#8230;"},"content":{"rendered":"<p><a href=\"http:\/\/www.kunstgalerie-barbara.de\/blog\/wp-content\/uploads\/2016\/07\/P1070157-Kopie.jpg\"><img loading=\"lazy\" decoding=\"async\" class=\"aligncenter wp-image-17717 size-full\" src=\"http:\/\/www.kunstgalerie-barbara.de\/blog\/wp-content\/uploads\/2016\/07\/P1070157-Kopie.jpg\" alt=\"P1070157 Kopie\" width=\"470\" height=\"470\" srcset=\"http:\/\/www.kunstgalerie-barbara.de\/blog\/wp-content\/uploads\/2016\/07\/P1070157-Kopie.jpg 470w, http:\/\/www.kunstgalerie-barbara.de\/blog\/wp-content\/uploads\/2016\/07\/P1070157-Kopie-150x150.jpg 150w, http:\/\/www.kunstgalerie-barbara.de\/blog\/wp-content\/uploads\/2016\/07\/P1070157-Kopie-300x300.jpg 300w\" sizes=\"(max-width: 470px) 100vw, 470px\" \/><\/a>Ziemlich unterschiedliche Gefiederte hatten wir schon im gro\u00dfen Ahorn, darunter Tauben unsere Dauerg\u00e4ste, aber auch Eichelheher, Turmfalken, Elstern, Kr\u00e4hen, Schwanzmeisen aus Skandinavien, V\u00f6gel aus Sibirien,die hier uberwintern, darunter welche mit sehr attraktivem Gefieder,\u00a0nat\u00fcrlich unsere heimischen Meisen und Spatzen nicht zu vergessen, aber ein Buntspecht war noch nie darunter, bis auf gestern Nachmittag!<\/p>\n","protected":false},"excerpt":{"rendered":"<p>Ziemlich unterschiedliche Gefiederte hatten wir schon im gro\u00dfen Ahorn, darunter Tauben unsere Dauerg\u00e4ste, aber auch Eichelheher, Turmfalken, Elstern, Kr\u00e4hen, Schwanzmeisen aus Skandinavien, V\u00f6gel aus Sibirien,die hier uberwintern, darunter welche mit sehr attraktivem Gefieder,\u00a0nat\u00fcrlich unsere heimischen Meisen und Spatzen nicht zu vergessen, aber ein Buntspecht war noch nie darunter, bis auf gestern Nachmittag!<\/p>\n","protected":false},"author":1,"featured_media":0,"comment_status":"open","ping_status":"open","sticky":false,"template":"","format":"standard","meta":{"footnotes":""},"categories":[26,67,71,51],"tags":[],"jetpack_featured_media_url":"","_links":{"self":[{"href":"http:\/\/www.kunstgalerie-barbara.de\/blog\/wp-json\/wp\/v2\/posts\/17716"}],"collection":[{"href":"http:\/\/www.kunstgalerie-barbara.de\/blog\/wp-json\/wp\/v2\/posts"}],"about":[{"href":"http:\/\/www.kunstgalerie-barbara.de\/blog\/wp-json\/wp\/v2\/types\/post"}],"author":[{"embeddable":true,"href":"http:\/\/www.kunstgalerie-barbara.de\/blog\/wp-json\/wp\/v2\/users\/1"}],"replies":[{"embeddable":true,"href":"http:\/\/www.kunstgalerie-barbara.de\/blog\/wp-json\/wp\/v2\/comments?post=17716"}],"version-history":[{"count":1,"href":"http:\/\/www.kunstgalerie-barbara.de\/blog\/wp-json\/wp\/v2\/posts\/17716\/revisions"}],"predecessor-version":[{"id":17720,"href":"http:\/\/www.kunstgalerie-barbara.de\/blog\/wp-json\/wp\/v2\/posts\/17716\/revisions\/17720"}],"wp:attachment":[{"href":"http:\/\/www.kunstgalerie-barbara.de\/blog\/wp-json\/wp\/v2\/media?parent=17716"}],"wp:term":[{"taxonomy":"category","embeddable":true,"href":"http:\/\/www.kunstgalerie-barbara.de\/blog\/wp-json\/wp\/v2\/categories?post=17716"},{"taxonomy":"post_tag","embeddable":true,"href":"http:\/\/www.kunstgalerie-barbara.de\/blog\/wp-json\/wp\/v2\/tags?post=17716"}],"curies":[{"name":"wp","href":"https:\/\/api.w.org\/{rel}","templated":true}]}}