{"id":17778,"date":"2016-07-23T17:02:23","date_gmt":"2016-07-23T15:02:23","guid":{"rendered":"http:\/\/www.kunstgalerie-barbara.de\/blog\/?p=17778"},"modified":"2026-04-09T09:47:11","modified_gmt":"2026-04-09T07:47:11","slug":"leguminosenfeld-in-bremen-und-umzu","status":"publish","type":"post","link":"http:\/\/www.kunstgalerie-barbara.de\/blog\/2016\/07\/leguminosenfeld-in-bremen-und-umzu\/","title":{"rendered":"Leguminosenfeld (Vogelwicke) in Bremen und Umzu ein seltener Anblick&#8230;"},"content":{"rendered":"<p><a href=\"http:\/\/www.kunstgalerie-barbara.de\/blog\/wp-content\/uploads\/2016\/07\/P1090731-Kopie.jpg\"><img loading=\"lazy\" decoding=\"async\" class=\"aligncenter wp-image-17779 \" src=\"http:\/\/www.kunstgalerie-barbara.de\/blog\/wp-content\/uploads\/2016\/07\/P1090731-Kopie.jpg\" alt=\"P1090731 Kopie\" width=\"675\" height=\"454\" srcset=\"http:\/\/www.kunstgalerie-barbara.de\/blog\/wp-content\/uploads\/2016\/07\/P1090731-Kopie.jpg 450w, http:\/\/www.kunstgalerie-barbara.de\/blog\/wp-content\/uploads\/2016\/07\/P1090731-Kopie-300x201.jpg 300w\" sizes=\"(max-width: 675px) 100vw, 675px\" \/><\/a>Leguminosen sind H\u00fclsenfr\u00fcchte darunter Lupinen, Erdn\u00fcsse, Bohnen, Erbsen!\u00a0 Diese H\u00fclsenfr\u00fcchte werden zur Bodenverbesserung\u00a0 verwendet , egal auf jeden Fall besser als Mais, denn Mais verbessert keinen Boden, er powert ihn aus&#8230;<br \/>\n\u00dcbrigens Bienen lieben Vogelwicken<br \/>\n<a href=\"http:\/\/www.vom-acker-in-den-futtertrog.de\/leguminosen.html\">http:\/\/www.vom-acker-in-den-futtertrog.de\/leguminosen.html<\/a><\/p>\n","protected":false},"excerpt":{"rendered":"<p>Leguminosen sind H\u00fclsenfr\u00fcchte darunter Lupinen, Erdn\u00fcsse, Bohnen, Erbsen!\u00a0 Diese H\u00fclsenfr\u00fcchte werden zur Bodenverbesserung\u00a0 verwendet , egal auf jeden Fall besser als Mais, denn Mais verbessert keinen Boden, er powert ihn aus&#8230; \u00dcbrigens Bienen lieben Vogelwicken http:\/\/www.vom-acker-in-den-futtertrog.de\/leguminosen.html<\/p>\n","protected":false},"author":1,"featured_media":0,"comment_status":"open","ping_status":"open","sticky":false,"template":"","format":"standard","meta":{"footnotes":""},"categories":[70,51,64],"tags":[],"jetpack_featured_media_url":"","_links":{"self":[{"href":"http:\/\/www.kunstgalerie-barbara.de\/blog\/wp-json\/wp\/v2\/posts\/17778"}],"collection":[{"href":"http:\/\/www.kunstgalerie-barbara.de\/blog\/wp-json\/wp\/v2\/posts"}],"about":[{"href":"http:\/\/www.kunstgalerie-barbara.de\/blog\/wp-json\/wp\/v2\/types\/post"}],"author":[{"embeddable":true,"href":"http:\/\/www.kunstgalerie-barbara.de\/blog\/wp-json\/wp\/v2\/users\/1"}],"replies":[{"embeddable":true,"href":"http:\/\/www.kunstgalerie-barbara.de\/blog\/wp-json\/wp\/v2\/comments?post=17778"}],"version-history":[{"count":2,"href":"http:\/\/www.kunstgalerie-barbara.de\/blog\/wp-json\/wp\/v2\/posts\/17778\/revisions"}],"predecessor-version":[{"id":24159,"href":"http:\/\/www.kunstgalerie-barbara.de\/blog\/wp-json\/wp\/v2\/posts\/17778\/revisions\/24159"}],"wp:attachment":[{"href":"http:\/\/www.kunstgalerie-barbara.de\/blog\/wp-json\/wp\/v2\/media?parent=17778"}],"wp:term":[{"taxonomy":"category","embeddable":true,"href":"http:\/\/www.kunstgalerie-barbara.de\/blog\/wp-json\/wp\/v2\/categories?post=17778"},{"taxonomy":"post_tag","embeddable":true,"href":"http:\/\/www.kunstgalerie-barbara.de\/blog\/wp-json\/wp\/v2\/tags?post=17778"}],"curies":[{"name":"wp","href":"https:\/\/api.w.org\/{rel}","templated":true}]}}