{"id":17810,"date":"2016-07-31T16:21:40","date_gmt":"2016-07-31T14:21:40","guid":{"rendered":"http:\/\/www.kunstgalerie-barbara.de\/blog\/?p=17810"},"modified":"2016-07-31T16:25:14","modified_gmt":"2016-07-31T14:25:14","slug":"ungebackene-obsttorte","status":"publish","type":"post","link":"http:\/\/www.kunstgalerie-barbara.de\/blog\/2016\/07\/ungebackene-obsttorte\/","title":{"rendered":"Ungebackene Obsttorte&#8230;."},"content":{"rendered":"<p style=\"text-align: center;\">F\u00fcr die, die im Hochsommer keine Lust haben den Backofen anzuschmei\u00dfen, gibt es ne prima Variante ohne viel Energie zu verbrauchen!<br \/>\nund die geht so:<\/p>\n<p>&nbsp;<\/p>\n<p style=\"text-align: center;\"><a href=\"http:\/\/www.kunstgalerie-barbara.de\/blog\/wp-content\/uploads\/2016\/07\/P1100362-Kopie.jpg\"><img loading=\"lazy\" decoding=\"async\" class=\"aligncenter wp-image-17811 size-full\" src=\"http:\/\/www.kunstgalerie-barbara.de\/blog\/wp-content\/uploads\/2016\/07\/P1100362-Kopie.jpg\" alt=\"P1100362 Kopie\" width=\"450\" height=\"302\" srcset=\"http:\/\/www.kunstgalerie-barbara.de\/blog\/wp-content\/uploads\/2016\/07\/P1100362-Kopie.jpg 450w, http:\/\/www.kunstgalerie-barbara.de\/blog\/wp-content\/uploads\/2016\/07\/P1100362-Kopie-300x201.jpg 300w\" sizes=\"(max-width: 450px) 100vw, 450px\" \/><\/a><\/p>\n<p><a href=\"http:\/\/www.kunstgalerie-barbara.de\/blog\/wp-content\/uploads\/2016\/07\/P1100369-Kopie1.jpg\"><img loading=\"lazy\" decoding=\"async\" class=\"aligncenter wp-image-17813 \" src=\"http:\/\/www.kunstgalerie-barbara.de\/blog\/wp-content\/uploads\/2016\/07\/P1100369-Kopie1.jpg\" alt=\"P1100369 Kopie\" width=\"395\" height=\"394\" srcset=\"http:\/\/www.kunstgalerie-barbara.de\/blog\/wp-content\/uploads\/2016\/07\/P1100369-Kopie1.jpg 394w, http:\/\/www.kunstgalerie-barbara.de\/blog\/wp-content\/uploads\/2016\/07\/P1100369-Kopie1-150x150.jpg 150w, http:\/\/www.kunstgalerie-barbara.de\/blog\/wp-content\/uploads\/2016\/07\/P1100369-Kopie1-300x300.jpg 300w\" sizes=\"(max-width: 395px) 100vw, 395px\" \/><br \/>\n<\/a><!--more--><\/p>\n<p style=\"text-align: center;\">Eine Packung Vollkornkekse von Baalsen oder auch andere\u00a0 Kekse im Mixer zerbr\u00f6seln, Eine Packung Bitter-Schokoraspeln, Kokosraspeln nach Geschmack, einen gro\u00dfen Schu\u00df Amaretto Lik\u00f6r und nochmals in der K\u00fcchenmaschine kneten bis eine nicht zu d\u00fcnnfl\u00fcssige Masse entsteht. Ist es zu d\u00fcnnfl\u00fcssig geworden geriebene Mandeln oder Haseln\u00fcsse dazugeben und nochmals kneten. Dann die Masse auf dem Boden einer Springform verteilen.<br \/>\nDarauf frisches Beeren-Obst wie Erdbeeren, Himbeeren, Heidelbeeren oder auch Brombeeren, je nach Gusto.<br \/>\nJetzt das Obst mit einem halben Liter Tortenguss fixieren, das Ganze einige Stunden im K\u00fchlschrank k\u00fchlen und fertig ist die Laube.<br \/>\nWer will kann die Torte mit Sahne oder Vanilleeis servieren, schmeckt aber auch ohne sensationell!<\/p>\n<p style=\"text-align: center;\">Bon Appetit<\/p>\n","protected":false},"excerpt":{"rendered":"<p>F\u00fcr die, die im Hochsommer keine Lust haben den Backofen anzuschmei\u00dfen, gibt es ne prima Variante ohne viel Energie zu verbrauchen! und die geht so: &nbsp;<\/p>\n","protected":false},"author":1,"featured_media":0,"comment_status":"open","ping_status":"open","sticky":false,"template":"","format":"standard","meta":{"footnotes":""},"categories":[27],"tags":[],"jetpack_featured_media_url":"","_links":{"self":[{"href":"http:\/\/www.kunstgalerie-barbara.de\/blog\/wp-json\/wp\/v2\/posts\/17810"}],"collection":[{"href":"http:\/\/www.kunstgalerie-barbara.de\/blog\/wp-json\/wp\/v2\/posts"}],"about":[{"href":"http:\/\/www.kunstgalerie-barbara.de\/blog\/wp-json\/wp\/v2\/types\/post"}],"author":[{"embeddable":true,"href":"http:\/\/www.kunstgalerie-barbara.de\/blog\/wp-json\/wp\/v2\/users\/1"}],"replies":[{"embeddable":true,"href":"http:\/\/www.kunstgalerie-barbara.de\/blog\/wp-json\/wp\/v2\/comments?post=17810"}],"version-history":[{"count":1,"href":"http:\/\/www.kunstgalerie-barbara.de\/blog\/wp-json\/wp\/v2\/posts\/17810\/revisions"}],"predecessor-version":[{"id":17818,"href":"http:\/\/www.kunstgalerie-barbara.de\/blog\/wp-json\/wp\/v2\/posts\/17810\/revisions\/17818"}],"wp:attachment":[{"href":"http:\/\/www.kunstgalerie-barbara.de\/blog\/wp-json\/wp\/v2\/media?parent=17810"}],"wp:term":[{"taxonomy":"category","embeddable":true,"href":"http:\/\/www.kunstgalerie-barbara.de\/blog\/wp-json\/wp\/v2\/categories?post=17810"},{"taxonomy":"post_tag","embeddable":true,"href":"http:\/\/www.kunstgalerie-barbara.de\/blog\/wp-json\/wp\/v2\/tags?post=17810"}],"curies":[{"name":"wp","href":"https:\/\/api.w.org\/{rel}","templated":true}]}}