{"id":17840,"date":"2016-08-08T14:53:24","date_gmt":"2016-08-08T12:53:24","guid":{"rendered":"http:\/\/www.kunstgalerie-barbara.de\/blog\/?p=17840"},"modified":"2016-08-08T14:56:58","modified_gmt":"2016-08-08T12:56:58","slug":"arme-sau-lebt-im-bremer-buergerpark-wird-von-besuchern-angeglotzt-ohne-sich-dagegen-wehren-zu-koennen-ihr-werden-jedes-jahr-ihre-ferkel-entrissen-die-dann-vermutlich-an-einem-spiess-enden-als-sp","status":"publish","type":"post","link":"http:\/\/www.kunstgalerie-barbara.de\/blog\/2016\/08\/arme-sau-lebt-im-bremer-buergerpark-wird-von-besuchern-angeglotzt-ohne-sich-dagegen-wehren-zu-koennen-ihr-werden-jedes-jahr-ihre-ferkel-entrissen-die-dann-vermutlich-an-einem-spiess-enden-als-sp\/","title":{"rendered":"Arme Sau&#8230; lebt im Bremer B\u00fcrgerpark, wird von Besuchern angeglotzt ohne sich dagegen wehren zu k\u00f6nnen. Ihr werden jedes Jahr ihre Ferkel entrissen, die dann vermutlich an einem Spie\u00df enden als Spanferkel! Wir brachten ihr, der schon wieder Tr\u00e4chtigen ein Schwung M\u00f6hren mit. Ihr dieses Vergn\u00fcgen zu g\u00f6nnen ist verboten, denn es k\u00f6nnte unter anderen Schrecklichkeiten Schweinepest \u00fcbertragen, obwohl jeder inzwischen wissen sollte, Schweinepest ist ein Resultat der Massentierhaltung. Da diese Sau aber alleine in ihrem Gehege lebt, ist nicht anzunehmen, dass sie jemals Schweinepest bekommen wird! Im Grunde gehts ihr verglichen mit ihren Schwestern in der Massentierhaltung noch verdammt gut, sie hat ein Einzelapartment und ihr wird ein wesesentlich l\u00e4ngeres Leben als ihren Kollegen zuteil werden, insofern ist die arme doch eher eine verdammt gl\u00fcckliche Sau&#8230;"},"content":{"rendered":"<p><a href=\"http:\/\/www.kunstgalerie-barbara.de\/blog\/wp-content\/uploads\/2016\/08\/P1100616-Kopie.jpg\"><img loading=\"lazy\" decoding=\"async\" class=\"aligncenter wp-image-17841 size-full\" src=\"http:\/\/www.kunstgalerie-barbara.de\/blog\/wp-content\/uploads\/2016\/08\/P1100616-Kopie.jpg\" alt=\"P1100616 Kopie\" width=\"402\" height=\"600\" srcset=\"http:\/\/www.kunstgalerie-barbara.de\/blog\/wp-content\/uploads\/2016\/08\/P1100616-Kopie.jpg 402w, http:\/\/www.kunstgalerie-barbara.de\/blog\/wp-content\/uploads\/2016\/08\/P1100616-Kopie-201x300.jpg 201w\" sizes=\"(max-width: 402px) 100vw, 402px\" \/><\/a><\/p>\n","protected":false},"excerpt":{"rendered":"","protected":false},"author":1,"featured_media":0,"comment_status":"open","ping_status":"open","sticky":false,"template":"","format":"standard","meta":{"footnotes":""},"categories":[70,71,51],"tags":[],"jetpack_featured_media_url":"","_links":{"self":[{"href":"http:\/\/www.kunstgalerie-barbara.de\/blog\/wp-json\/wp\/v2\/posts\/17840"}],"collection":[{"href":"http:\/\/www.kunstgalerie-barbara.de\/blog\/wp-json\/wp\/v2\/posts"}],"about":[{"href":"http:\/\/www.kunstgalerie-barbara.de\/blog\/wp-json\/wp\/v2\/types\/post"}],"author":[{"embeddable":true,"href":"http:\/\/www.kunstgalerie-barbara.de\/blog\/wp-json\/wp\/v2\/users\/1"}],"replies":[{"embeddable":true,"href":"http:\/\/www.kunstgalerie-barbara.de\/blog\/wp-json\/wp\/v2\/comments?post=17840"}],"version-history":[{"count":1,"href":"http:\/\/www.kunstgalerie-barbara.de\/blog\/wp-json\/wp\/v2\/posts\/17840\/revisions"}],"predecessor-version":[{"id":17843,"href":"http:\/\/www.kunstgalerie-barbara.de\/blog\/wp-json\/wp\/v2\/posts\/17840\/revisions\/17843"}],"wp:attachment":[{"href":"http:\/\/www.kunstgalerie-barbara.de\/blog\/wp-json\/wp\/v2\/media?parent=17840"}],"wp:term":[{"taxonomy":"category","embeddable":true,"href":"http:\/\/www.kunstgalerie-barbara.de\/blog\/wp-json\/wp\/v2\/categories?post=17840"},{"taxonomy":"post_tag","embeddable":true,"href":"http:\/\/www.kunstgalerie-barbara.de\/blog\/wp-json\/wp\/v2\/tags?post=17840"}],"curies":[{"name":"wp","href":"https:\/\/api.w.org\/{rel}","templated":true}]}}