{"id":17847,"date":"2016-08-10T07:21:25","date_gmt":"2016-08-10T05:21:25","guid":{"rendered":"http:\/\/www.kunstgalerie-barbara.de\/blog\/?p=17847"},"modified":"2016-08-11T07:59:28","modified_gmt":"2016-08-11T05:59:28","slug":"wussten-sie-eigentlich-dass-viele-unserer-lebensmittel-vitamine-enthalten-die-in-china-unter-erbaermlichsten-arbeitsbedingungen-hergestellt-werden-und-dass-fast-immer-super-ungesunde-ueberzuckert","status":"publish","type":"post","link":"http:\/\/www.kunstgalerie-barbara.de\/blog\/2016\/08\/wussten-sie-eigentlich-dass-viele-unserer-lebensmittel-vitamine-enthalten-die-in-china-unter-erbaermlichsten-arbeitsbedingungen-hergestellt-werden-und-dass-fast-immer-super-ungesunde-ueberzuckert\/","title":{"rendered":"\ufeffWusstet Ihr eigentlich, dass viele unserer Lebensmittel Vitamine enthalten, die in China unter erb\u00e4rmlichsten Arbeitsbedingungen hergestellt werden? Und dass fast immer super-ungesunde, \u00fcberzuckerte und zu salzige Lebensmittel damit versetzt werden? Und dass am Ende in den Supermarktregalen ungesunde Lebensmittel stehen, deren Bestandteile unter menschenunw\u00fcrdigen Bedingungen hergestellt wurden, die uns aber als besonders wertvoll verkauft werden?"},"content":{"rendered":"<p><strong>Aber der Reihe nach: Die Wochenzeitung \u201eDie Zeit\u201c hat vor Kurzem in einem Artikel die Zust\u00e4nde in der chinesischen Millionenstadt Shijiazhuang beschrieben, aus der ein gro\u00dfer Teil der k\u00fcnstlichen Vitamine f\u00fcr Nahrungsmittel und Medikamente f\u00fcr Europa stammt. In den Fabriken der als <img loading=\"lazy\" decoding=\"async\" title=\"\" src=\"https:\/\/s3-eu-west-1.amazonaws.com\/files.crsend.com\/8000\/8099\/images\/Marketing-NL\/Fotolia_98328934_XS_mit+Quelle.jpg\" alt=\"\" width=\"369\" height=\"268\" align=\"left\" border=\"0\" hspace=\"\" vspace=\"\" \/>\u201eMedikamentenmetropole\u201c bekannten Stadt schuften Arbeiter unter Bedingungen, die hierzulande inakzeptabel w\u00e4ren: <strong>F\u00fcr unw\u00fcrdige Mini-L\u00f6hne hantieren sie mit krankmachenden Stoffen, schuften sie tagein tagaus stundenlang in schadstoffgeschw\u00e4ngerter Fabrikluft.<\/strong> \u00dcber der Stadt, die als eine der dreckigsten weltweit gilt, steht regelm\u00e4\u00dfig der Smog, durch die Stra\u00dfen bewegen sich viele Menschen nur noch mit Atemschutzmasken. Diese Tatsachen nicht zur Kenntnis zu nehmen nach dem Motto \u201eWas k\u00fcmmern mich chinesische Fabrikarbeiter, Hauptsache sie produzieren f\u00fcr uns billige Vitamine\u201c ist schlicht skandal\u00f6s und darf nicht unwidersprochen hingenommen werden. Deshalb helfen Sie uns und werden Sie <strong><a href=\"http:\/\/mailings.foodwatch.de\/c\/23673681\/312d48fdd2543-obn1tl\">F\u00f6rderin\/F\u00f6rderer<\/a><\/strong> von foodwatch<\/strong><\/p>\n","protected":false},"excerpt":{"rendered":"<p>Aber der Reihe nach: Die Wochenzeitung \u201eDie Zeit\u201c hat vor Kurzem in einem Artikel die Zust\u00e4nde in der chinesischen Millionenstadt Shijiazhuang beschrieben, aus der ein gro\u00dfer Teil der k\u00fcnstlichen Vitamine f\u00fcr Nahrungsmittel und Medikamente f\u00fcr Europa stammt. In den Fabriken der als \u201eMedikamentenmetropole\u201c bekannten Stadt schuften Arbeiter unter Bedingungen, die hierzulande inakzeptabel w\u00e4ren: F\u00fcr unw\u00fcrdige Mini-L\u00f6hne hantieren sie mit krankmachenden Stoffen, schuften sie tagein tagaus stundenlang in schadstoffgeschw\u00e4ngerter Fabrikluft. \u00dcber der Stadt, die als eine der dreckigsten weltweit gilt, steht regelm\u00e4\u00dfig der Smog, durch die Stra\u00dfen bewegen sich viele Menschen nur noch mit Atemschutzmasken. Diese Tatsachen nicht zur Kenntnis zu nehmen nach dem Motto \u201eWas k\u00fcmmern mich chinesische Fabrikarbeiter, Hauptsache sie produzieren f\u00fcr uns billige Vitamine\u201c ist schlicht skandal\u00f6s und darf nicht unwidersprochen hingenommen werden. Deshalb helfen Sie uns und werden Sie F\u00f6rderin\/F\u00f6rderer von foodwatch<\/p>\n","protected":false},"author":1,"featured_media":0,"comment_status":"open","ping_status":"open","sticky":false,"template":"","format":"standard","meta":{"footnotes":""},"categories":[74,51,64],"tags":[],"jetpack_featured_media_url":"","_links":{"self":[{"href":"http:\/\/www.kunstgalerie-barbara.de\/blog\/wp-json\/wp\/v2\/posts\/17847"}],"collection":[{"href":"http:\/\/www.kunstgalerie-barbara.de\/blog\/wp-json\/wp\/v2\/posts"}],"about":[{"href":"http:\/\/www.kunstgalerie-barbara.de\/blog\/wp-json\/wp\/v2\/types\/post"}],"author":[{"embeddable":true,"href":"http:\/\/www.kunstgalerie-barbara.de\/blog\/wp-json\/wp\/v2\/users\/1"}],"replies":[{"embeddable":true,"href":"http:\/\/www.kunstgalerie-barbara.de\/blog\/wp-json\/wp\/v2\/comments?post=17847"}],"version-history":[{"count":1,"href":"http:\/\/www.kunstgalerie-barbara.de\/blog\/wp-json\/wp\/v2\/posts\/17847\/revisions"}],"predecessor-version":[{"id":17855,"href":"http:\/\/www.kunstgalerie-barbara.de\/blog\/wp-json\/wp\/v2\/posts\/17847\/revisions\/17855"}],"wp:attachment":[{"href":"http:\/\/www.kunstgalerie-barbara.de\/blog\/wp-json\/wp\/v2\/media?parent=17847"}],"wp:term":[{"taxonomy":"category","embeddable":true,"href":"http:\/\/www.kunstgalerie-barbara.de\/blog\/wp-json\/wp\/v2\/categories?post=17847"},{"taxonomy":"post_tag","embeddable":true,"href":"http:\/\/www.kunstgalerie-barbara.de\/blog\/wp-json\/wp\/v2\/tags?post=17847"}],"curies":[{"name":"wp","href":"https:\/\/api.w.org\/{rel}","templated":true}]}}