{"id":17959,"date":"2016-09-11T05:37:18","date_gmt":"2016-09-11T03:37:18","guid":{"rendered":"http:\/\/www.kunstgalerie-barbara.de\/blog\/?p=17959"},"modified":"2016-09-11T05:37:18","modified_gmt":"2016-09-11T03:37:18","slug":"biosprit-und-agrarenergie-klimaschwindel-elektrischer-strom-und-heizwaerme-aus-palmoel-sowie-bioethanol-und-biodiesel-fuer-den-verkehr-sind-nichts-anderes-als-kahlschlag-energie-klimaschwindel-und","status":"publish","type":"post","link":"http:\/\/www.kunstgalerie-barbara.de\/blog\/2016\/09\/biosprit-und-agrarenergie-klimaschwindel-elektrischer-strom-und-heizwaerme-aus-palmoel-sowie-bioethanol-und-biodiesel-fuer-den-verkehr-sind-nichts-anderes-als-kahlschlag-energie-klimaschwindel-und\/","title":{"rendered":"Biosprit und Agrarenergie \u2013 Klimaschwindel  Elektrischer Strom und Heizw\u00e4rme aus Palm\u00f6l sowie Bioethanol und Biodiesel f\u00fcr den Verkehr sind nichts anderes als Kahlschlag-Energie, Klimaschwindel und bedeuten Hunger f\u00fcr Millionen Menschen. Wie die Agrarenergie den Regenwald zerst\u00f6rt."},"content":{"rendered":"<p><span class=\"img-with-caption\"> <img loading=\"lazy\" decoding=\"async\" src=\"https:\/\/www.regenwald.org\/uploads\/photos\/teaser_reduced\/biodiesel-auto.jpg\" alt=\"Illustriertes Auto frisst Regenwald auf\" width=\"730\" height=\"325\" \/> <span class=\"caption\">Stoppt Biosprit<\/span><\/span><\/p>\n<p>Landenteignungen, abgeholzte Regenw\u00e4lder und steigende Lebensmittelpreise \u2013 die Produktion von <a href=\"https:\/\/www.regenwald.org\/themen\/biodiesel#glossar\" target=\"_blank\">Bioethanol und Biodiesel<\/a>, das in Zukunft Autos antreiben soll, hat viele dunkle Seiten.<\/p>\n<p>Weil bei uns die Produktionskosten h\u00f6her und Ackerfl\u00e4chen knapp sind, werden massenhaft Palm- und Soja\u00f6l sowie &#8220;Bioethanol&#8221; aus \u00dcbersee importiert und dem Kraftstoff beigemischt. F\u00fcr diese Treibstoffe werden urpsr\u00fcngliche \u00d6kosysteme zerst\u00f6rt, um Platz f\u00fcr Palm-, Soja- und Zuckerrohrplantagen zu schaffen. Das Abholzen der Regenw\u00e4lder treibt die globale Erw\u00e4rmung voran, da dadurch gro\u00dfe Mengen CO<sub>2<\/sub> in die Atmosph\u00e4re entweichen Hinzu kommt, dass sie zum wachsenden Welthunger beitragen, da Felder nicht mehr f\u00fcr Lebensmittel bestellt werden. Rettet den Regenwald leistet Aufkl\u00e4rungsarbeit und fordert von der Bundesregierung und EU ein Ende der r\u00fccksichtslosen Agrarenergiepolitik.<\/p>\n","protected":false},"excerpt":{"rendered":"<p>Stoppt Biosprit Landenteignungen, abgeholzte Regenw\u00e4lder und steigende Lebensmittelpreise \u2013 die Produktion von Bioethanol und Biodiesel, das in Zukunft Autos antreiben soll, hat viele dunkle Seiten. Weil bei uns die Produktionskosten h\u00f6her und Ackerfl\u00e4chen knapp sind, werden massenhaft Palm- und Soja\u00f6l sowie &#8220;Bioethanol&#8221; aus \u00dcbersee importiert und dem Kraftstoff beigemischt. F\u00fcr diese Treibstoffe werden urpsr\u00fcngliche \u00d6kosysteme zerst\u00f6rt, um Platz f\u00fcr Palm-, Soja- und Zuckerrohrplantagen zu schaffen. Das Abholzen der Regenw\u00e4lder treibt die globale Erw\u00e4rmung voran, da dadurch gro\u00dfe Mengen CO2 in die Atmosph\u00e4re entweichen Hinzu kommt, dass sie zum wachsenden Welthunger beitragen, da Felder nicht mehr f\u00fcr Lebensmittel bestellt werden. Rettet den Regenwald leistet Aufkl\u00e4rungsarbeit und fordert von der Bundesregierung und EU ein Ende der r\u00fccksichtslosen Agrarenergiepolitik.<\/p>\n","protected":false},"author":1,"featured_media":0,"comment_status":"open","ping_status":"open","sticky":false,"template":"","format":"standard","meta":{"footnotes":""},"categories":[67,76,71,51,64],"tags":[],"jetpack_featured_media_url":"","_links":{"self":[{"href":"http:\/\/www.kunstgalerie-barbara.de\/blog\/wp-json\/wp\/v2\/posts\/17959"}],"collection":[{"href":"http:\/\/www.kunstgalerie-barbara.de\/blog\/wp-json\/wp\/v2\/posts"}],"about":[{"href":"http:\/\/www.kunstgalerie-barbara.de\/blog\/wp-json\/wp\/v2\/types\/post"}],"author":[{"embeddable":true,"href":"http:\/\/www.kunstgalerie-barbara.de\/blog\/wp-json\/wp\/v2\/users\/1"}],"replies":[{"embeddable":true,"href":"http:\/\/www.kunstgalerie-barbara.de\/blog\/wp-json\/wp\/v2\/comments?post=17959"}],"version-history":[{"count":1,"href":"http:\/\/www.kunstgalerie-barbara.de\/blog\/wp-json\/wp\/v2\/posts\/17959\/revisions"}],"predecessor-version":[{"id":17960,"href":"http:\/\/www.kunstgalerie-barbara.de\/blog\/wp-json\/wp\/v2\/posts\/17959\/revisions\/17960"}],"wp:attachment":[{"href":"http:\/\/www.kunstgalerie-barbara.de\/blog\/wp-json\/wp\/v2\/media?parent=17959"}],"wp:term":[{"taxonomy":"category","embeddable":true,"href":"http:\/\/www.kunstgalerie-barbara.de\/blog\/wp-json\/wp\/v2\/categories?post=17959"},{"taxonomy":"post_tag","embeddable":true,"href":"http:\/\/www.kunstgalerie-barbara.de\/blog\/wp-json\/wp\/v2\/tags?post=17959"}],"curies":[{"name":"wp","href":"https:\/\/api.w.org\/{rel}","templated":true}]}}