{"id":17981,"date":"2016-09-18T06:21:31","date_gmt":"2016-09-18T04:21:31","guid":{"rendered":"http:\/\/www.kunstgalerie-barbara.de\/blog\/?p=17981"},"modified":"2016-09-18T06:21:31","modified_gmt":"2016-09-18T04:21:31","slug":"die-einzige-wirksame-massnahme-sich-gegen-multikonzerne-zu-wehren-bedeutet-sich-selbst-und-seine-konsumgewohnheiten-zu-aendern-und-anzufangen-mehr-biolebensmittel-zu-kaufen-denn-wir-alle-bestimmen-d","status":"publish","type":"post","link":"http:\/\/www.kunstgalerie-barbara.de\/blog\/2016\/09\/die-einzige-wirksame-massnahme-sich-gegen-multikonzerne-zu-wehren-bedeutet-sich-selbst-und-seine-konsumgewohnheiten-zu-aendern-und-anzufangen-mehr-biolebensmittel-zu-kaufen-denn-wir-alle-bestimmen-d\/","title":{"rendered":"Die einzige wirksame Ma\u00dfnahme sich gegen Multikonzerne zu wehren bedeutet, sich selbst und seine Konsumgewohnheiten zu \u00e4ndern und anzufangen mehr Biolebensmittel zu kaufen. Denn wir alle bestimmen durch das, was wir konsumieren, was passiert! Nur unser Konsum l\u00e4\u00dft Multikonzerne m\u00e4chtig sein&#8230;"},"content":{"rendered":"","protected":false},"excerpt":{"rendered":"","protected":false},"author":1,"featured_media":0,"comment_status":"open","ping_status":"open","sticky":false,"template":"","format":"standard","meta":{"footnotes":""},"categories":[74,42,75,40,51,64],"tags":[],"jetpack_featured_media_url":"","_links":{"self":[{"href":"http:\/\/www.kunstgalerie-barbara.de\/blog\/wp-json\/wp\/v2\/posts\/17981"}],"collection":[{"href":"http:\/\/www.kunstgalerie-barbara.de\/blog\/wp-json\/wp\/v2\/posts"}],"about":[{"href":"http:\/\/www.kunstgalerie-barbara.de\/blog\/wp-json\/wp\/v2\/types\/post"}],"author":[{"embeddable":true,"href":"http:\/\/www.kunstgalerie-barbara.de\/blog\/wp-json\/wp\/v2\/users\/1"}],"replies":[{"embeddable":true,"href":"http:\/\/www.kunstgalerie-barbara.de\/blog\/wp-json\/wp\/v2\/comments?post=17981"}],"version-history":[{"count":1,"href":"http:\/\/www.kunstgalerie-barbara.de\/blog\/wp-json\/wp\/v2\/posts\/17981\/revisions"}],"predecessor-version":[{"id":17982,"href":"http:\/\/www.kunstgalerie-barbara.de\/blog\/wp-json\/wp\/v2\/posts\/17981\/revisions\/17982"}],"wp:attachment":[{"href":"http:\/\/www.kunstgalerie-barbara.de\/blog\/wp-json\/wp\/v2\/media?parent=17981"}],"wp:term":[{"taxonomy":"category","embeddable":true,"href":"http:\/\/www.kunstgalerie-barbara.de\/blog\/wp-json\/wp\/v2\/categories?post=17981"},{"taxonomy":"post_tag","embeddable":true,"href":"http:\/\/www.kunstgalerie-barbara.de\/blog\/wp-json\/wp\/v2\/tags?post=17981"}],"curies":[{"name":"wp","href":"https:\/\/api.w.org\/{rel}","templated":true}]}}