{"id":18017,"date":"2016-09-27T07:25:39","date_gmt":"2016-09-27T05:25:39","guid":{"rendered":"http:\/\/www.kunstgalerie-barbara.de\/blog\/?p=18017"},"modified":"2016-11-01T12:20:29","modified_gmt":"2016-11-01T10:20:29","slug":"durch-die-atommuellverklappung-sind-nach-wie-vor-alle-tiere-die-die-im-und-vom-watt-leben-nach-wie-vor-in-hoechster-gefahr-und-selbstverstaendlich-auch-wir-menschen-die-krabben-und-schollenliebhaber","status":"publish","type":"post","link":"http:\/\/www.kunstgalerie-barbara.de\/blog\/2016\/09\/durch-die-atommuellverklappung-sind-nach-wie-vor-alle-tiere-die-die-im-und-vom-watt-leben-nach-wie-vor-in-hoechster-gefahr-und-selbstverstaendlich-auch-wir-menschen-die-krabben-und-schollenliebhaber\/","title":{"rendered":"Durch die Atomm\u00fcllverklappung in der Nordsee sind nach wie vor alle Tiere, die die im und vom Watt leben, in h\u00f6chster Gefahr und selbstverst\u00e4ndlich auch wir Menschen&#8230;"},"content":{"rendered":"<p><a href=\"http:\/\/www.kunstgalerie-barbara.de\/blog\/wp-content\/uploads\/2016\/09\/Below_Schlo\u00dfbewohner1.jpg\"><img loading=\"lazy\" decoding=\"async\" class=\"aligncenter wp-image-18018 size-full\" src=\"http:\/\/www.kunstgalerie-barbara.de\/blog\/wp-content\/uploads\/2016\/09\/Below_Schlo\u00dfbewohner1.jpg\" alt=\"below_schlossbewohner1\" width=\"450\" height=\"302\" srcset=\"http:\/\/www.kunstgalerie-barbara.de\/blog\/wp-content\/uploads\/2016\/09\/Below_Schlo\u00dfbewohner1.jpg 450w, http:\/\/www.kunstgalerie-barbara.de\/blog\/wp-content\/uploads\/2016\/09\/Below_Schlo\u00dfbewohner1-300x201.jpg 300w\" sizes=\"(max-width: 450px) 100vw, 450px\" \/><\/a><\/p>\n","protected":false},"excerpt":{"rendered":"","protected":false},"author":1,"featured_media":0,"comment_status":"open","ping_status":"open","sticky":false,"template":"","format":"standard","meta":{"footnotes":""},"categories":[70,74,73,42,75,67,40,71,51,64],"tags":[],"jetpack_featured_media_url":"","_links":{"self":[{"href":"http:\/\/www.kunstgalerie-barbara.de\/blog\/wp-json\/wp\/v2\/posts\/18017"}],"collection":[{"href":"http:\/\/www.kunstgalerie-barbara.de\/blog\/wp-json\/wp\/v2\/posts"}],"about":[{"href":"http:\/\/www.kunstgalerie-barbara.de\/blog\/wp-json\/wp\/v2\/types\/post"}],"author":[{"embeddable":true,"href":"http:\/\/www.kunstgalerie-barbara.de\/blog\/wp-json\/wp\/v2\/users\/1"}],"replies":[{"embeddable":true,"href":"http:\/\/www.kunstgalerie-barbara.de\/blog\/wp-json\/wp\/v2\/comments?post=18017"}],"version-history":[{"count":4,"href":"http:\/\/www.kunstgalerie-barbara.de\/blog\/wp-json\/wp\/v2\/posts\/18017\/revisions"}],"predecessor-version":[{"id":18207,"href":"http:\/\/www.kunstgalerie-barbara.de\/blog\/wp-json\/wp\/v2\/posts\/18017\/revisions\/18207"}],"wp:attachment":[{"href":"http:\/\/www.kunstgalerie-barbara.de\/blog\/wp-json\/wp\/v2\/media?parent=18017"}],"wp:term":[{"taxonomy":"category","embeddable":true,"href":"http:\/\/www.kunstgalerie-barbara.de\/blog\/wp-json\/wp\/v2\/categories?post=18017"},{"taxonomy":"post_tag","embeddable":true,"href":"http:\/\/www.kunstgalerie-barbara.de\/blog\/wp-json\/wp\/v2\/tags?post=18017"}],"curies":[{"name":"wp","href":"https:\/\/api.w.org\/{rel}","templated":true}]}}