{"id":18086,"date":"2016-10-18T12:00:17","date_gmt":"2016-10-18T10:00:17","guid":{"rendered":"http:\/\/www.kunstgalerie-barbara.de\/blog\/?p=18086"},"modified":"2016-10-19T05:18:51","modified_gmt":"2016-10-19T03:18:51","slug":"marienkaeferherbst","status":"publish","type":"post","link":"http:\/\/www.kunstgalerie-barbara.de\/blog\/2016\/10\/marienkaeferherbst\/","title":{"rendered":"Marienk\u00e4ferherbst&#8230;"},"content":{"rendered":"<p><a href=\"http:\/\/www.kunstgalerie-barbara.de\/blog\/wp-content\/uploads\/2016\/10\/Marini-Kopie.jpg\"><img loading=\"lazy\" decoding=\"async\" class=\"aligncenter wp-image-18087 size-full\" src=\"http:\/\/www.kunstgalerie-barbara.de\/blog\/wp-content\/uploads\/2016\/10\/Marini-Kopie.jpg\" alt=\"marini-kopie\" width=\"450\" height=\"600\" srcset=\"http:\/\/www.kunstgalerie-barbara.de\/blog\/wp-content\/uploads\/2016\/10\/Marini-Kopie.jpg 450w, http:\/\/www.kunstgalerie-barbara.de\/blog\/wp-content\/uploads\/2016\/10\/Marini-Kopie-225x300.jpg 225w\" sizes=\"(max-width: 450px) 100vw, 450px\" \/><\/a>So viele Marienk\u00e4fer hatten wir noch nie und schon gar nicht im Oktober. Diese Marienk\u00e4ferschwemme hat auch Vorteile, denn die kleinen Schwarzgepunkteten befreien uns von allerlei Sch\u00e4dlingen um so weniger werden wir vermutlich n\u00e4chstes Jahr haben. Die Natur regelt alles, auch und gerade ohne unser Zutun!<\/p>\n<p><!--more--><\/p>\n<h2>Auszug aus Wikipedia:<br \/>\n<span id=\"Ern.C3.A4hrung\" class=\"mw-headline\">Ern\u00e4hrung<\/span><\/h2>\n<div class=\"thumbinner\">\n<p><a class=\"image\" href=\"https:\/\/de.wikipedia.org\/wiki\/Datei:P-14_lady_beetle.jpg\"><img loading=\"lazy\" decoding=\"async\" class=\"thumbimage\" src=\"https:\/\/upload.wikimedia.org\/wikipedia\/commons\/thumb\/6\/65\/P-14_lady_beetle.jpg\/220px-P-14_lady_beetle.jpg\" srcset=\"\/\/upload.wikimedia.org\/wikipedia\/commons\/thumb\/6\/65\/P-14_lady_beetle.jpg\/330px-P-14_lady_beetle.jpg 1.5x, \/\/upload.wikimedia.org\/wikipedia\/commons\/thumb\/6\/65\/P-14_lady_beetle.jpg\/440px-P-14_lady_beetle.jpg 2x\" alt=\"\" width=\"220\" height=\"180\" data-file-width=\"1445\" data-file-height=\"1185\" \/><\/a><\/p>\n<div class=\"thumbcaption\"><\/div>\n<\/div>\n<div class=\"thumb tright\">\n<div class=\"thumbinner\">\n<div class=\"thumbcaption\"><a title=\"Vierzehnpunkt-Marienk\u00e4fer\" href=\"https:\/\/de.wikipedia.org\/wiki\/Vierzehnpunkt-Marienk%C3%A4fer\">Vierzehnpunkt<\/a> (<i>Propylea quatuordecimpunctata<\/i>) beim Fressen einer Blattlaus<\/div>\n<\/div>\n<\/div>\n<div class=\"thumb tright\">\n<div class=\"thumbinner\">\n<p><a class=\"image\" href=\"https:\/\/de.wikipedia.org\/wiki\/Datei:Marienlarve.jpg\"><img loading=\"lazy\" decoding=\"async\" class=\"thumbimage\" src=\"https:\/\/upload.wikimedia.org\/wikipedia\/commons\/thumb\/b\/b8\/Marienlarve.jpg\/220px-Marienlarve.jpg\" srcset=\"\/\/upload.wikimedia.org\/wikipedia\/commons\/thumb\/b\/b8\/Marienlarve.jpg\/330px-Marienlarve.jpg 1.5x, \/\/upload.wikimedia.org\/wikipedia\/commons\/thumb\/b\/b8\/Marienlarve.jpg\/440px-Marienlarve.jpg 2x\" alt=\"\" width=\"220\" height=\"154\" data-file-width=\"860\" data-file-height=\"603\" \/><\/a><\/p>\n<div class=\"thumbcaption\"><\/div>\n<\/div>\n<\/div>\n<div class=\"thumb tright\">\n<div class=\"thumbinner\">\n<div class=\"thumbcaption\">Larve beim Fressen<\/div>\n<\/div>\n<\/div>\n<p>Die Hauptnahrung vieler Marienk\u00e4ferarten und ihrer Larven sind <a title=\"Blattl\u00e4use\" href=\"https:\/\/de.wikipedia.org\/wiki\/Blattl%C3%A4use\">Blatt-<\/a> und\/oder <a title=\"Schildl\u00e4use\" href=\"https:\/\/de.wikipedia.org\/wiki\/Schildl%C3%A4use\">Schildl\u00e4use<\/a>. Bei gen\u00fcgend gro\u00dfem Angebot fressen sie bis zu 50 St\u00fcck pro Tag und mehrere tausend w\u00e4hrend ihres gesamten Lebens. Die K\u00e4fer werden daher zu den <a title=\"N\u00fctzling\" href=\"https:\/\/de.wikipedia.org\/wiki\/N%C3%BCtzling\">N\u00fctzlingen<\/a> gez\u00e4hlt und f\u00fcr die <a title=\"Biologische Sch\u00e4dlingsbek\u00e4mpfung\" href=\"https:\/\/de.wikipedia.org\/wiki\/Biologische_Sch%C3%A4dlingsbek%C3%A4mpfung\">biologische Sch\u00e4dlingsbek\u00e4mpfung<\/a> gez\u00fcchtet. Zum Nahrungsspektrum z\u00e4hlen au\u00dferdem <a title=\"Spinnmilben\" href=\"https:\/\/de.wikipedia.org\/wiki\/Spinnmilben\">Spinnmilben<\/a>, <a title=\"Wanzen\" href=\"https:\/\/de.wikipedia.org\/wiki\/Wanzen\">Wanzen<\/a>, <a title=\"Fransenfl\u00fcgler\" href=\"https:\/\/de.wikipedia.org\/wiki\/Fransenfl%C3%BCgler\">Fransenfl\u00fcgler<\/a>, <a title=\"K\u00e4fer\" href=\"https:\/\/de.wikipedia.org\/wiki\/K%C3%A4fer\">K\u00e4fer<\/a>-, <a class=\"mw-redirect\" title=\"Blattwespen\" href=\"https:\/\/de.wikipedia.org\/wiki\/Blattwespen\">Blattwespen<\/a>&#8211; und gelegentlich sogar <a title=\"Schmetterlinge\" href=\"https:\/\/de.wikipedia.org\/wiki\/Schmetterlinge\">Schmetterlingslarven<\/a>. Es gibt jedoch auch Arten, die sich pflanzlich ern\u00e4hren und dadurch selbst zum Teil als <a title=\"Sch\u00e4dling\" href=\"https:\/\/de.wikipedia.org\/wiki\/Sch%C3%A4dling\">Sch\u00e4dlinge<\/a> in Erscheinung treten (Unterfamilie Epilachninae, darunter der <a title=\"Vierundzwanzigpunkt-Marienk\u00e4fer\" href=\"https:\/\/de.wikipedia.org\/wiki\/Vierundzwanzigpunkt-Marienk%C3%A4fer\">Vierundzwanzigpunkt-Marienk\u00e4fer<\/a>). Wieder andere Arten leben von <a title=\"Mehltau\" href=\"https:\/\/de.wikipedia.org\/wiki\/Mehltau\">Mehltau<\/a>&#8211; oder <a title=\"Schimmelpilz\" href=\"https:\/\/de.wikipedia.org\/wiki\/Schimmelpilz\">Schimmelpilzen<\/a> (Tribus <i>Halyziini<\/i> und <i>Psylloborini<\/i>, darunter der <a title=\"Sechzehnfleckiger Marienk\u00e4fer\" href=\"https:\/\/de.wikipedia.org\/wiki\/Sechzehnfleckiger_Marienk%C3%A4fer\">Sechzehnfleckige Marienk\u00e4fer<\/a> und der <a title=\"Zweiundzwanzigpunkt-Marienk\u00e4fer\" href=\"https:\/\/de.wikipedia.org\/wiki\/Zweiundzwanzigpunkt-Marienk%C3%A4fer\">Zweiundzwanzigpunkt-Marienk\u00e4fer<\/a>). Wenn Nahrung knapp ist, greifen an sich r\u00e4uberische Arten manchmal auch auf pflanzliche Nahrung zur\u00fcck. Das sind oft Fr\u00fcchte, aber auch <a title=\"Pollen\" href=\"https:\/\/de.wikipedia.org\/wiki\/Pollen\">Pollen<\/a>. Die Larven der <i>Bulaea lichatschovi<\/i> ern\u00e4hren sich ausschlie\u00dflich von Pollen.<\/p>\n<p>Im letzten Larvenstadium vertilgen die Larven die meiste Nahrung. Dieses Stadium wird durch eine hohe Umgebungstemperatur beschleunigt. Dadurch werden sie, insbesondere die der Gattung <i>Coccinella<\/i>, gefr\u00e4\u00dfiger, vertilgen aber insgesamt weniger L\u00e4use, obwohl diese sich dann wegen der f\u00fcr sie besseren Bedingungen ohnehin st\u00e4rker vermehren. Andererseits k\u00f6nnen bei schlechten \u201eBlattlausbedingungen\u201c die <i>Coccinella<\/i> zum v\u00f6lligen Verschwinden der L\u00e4use beitragen. Die Anzahl der J\u00e4ger und der Beute reguliert sich aber von selbst. Da die Marienk\u00e4ferlarven bei Nahrungsmangel sehr empfindlich reagieren, treten nach einem Jahr mit vielen L\u00e4usen und den daraus resultierenden vielen K\u00e4fern im folgenden Jahr wenige K\u00e4fer auf, da zu wenig Beute vorhanden ist, um die Entwicklung aller neuen Larven zu gew\u00e4hrleisten.<\/p>\n<p>Marienk\u00e4fer und vor allem ihre Larven sind auch <a title=\"Kannibalismus\" href=\"https:\/\/de.wikipedia.org\/wiki\/Kannibalismus\">Kannibalen<\/a>. Besonders bei Massenauftreten fressen sich die Tiere gegenseitig. Die zuerst schl\u00fcpfenden Larven fressen auch regelm\u00e4\u00dfig ihre noch nicht geschl\u00fcpften Artgenossen, wodurch oft \u00fcber die H\u00e4lfte der Eier verloren gehen.<\/p>\n","protected":false},"excerpt":{"rendered":"<p>So viele Marienk\u00e4fer hatten wir noch nie und schon gar nicht im Oktober. Diese Marienk\u00e4ferschwemme hat auch Vorteile, denn die kleinen Schwarzgepunkteten befreien uns von allerlei Sch\u00e4dlingen um so weniger werden wir vermutlich n\u00e4chstes Jahr haben. Die Natur regelt alles, auch und gerade ohne unser Zutun!<\/p>\n","protected":false},"author":1,"featured_media":0,"comment_status":"open","ping_status":"open","sticky":false,"template":"","format":"standard","meta":{"footnotes":""},"categories":[70,73,26,79,67,71,51],"tags":[],"jetpack_featured_media_url":"","_links":{"self":[{"href":"http:\/\/www.kunstgalerie-barbara.de\/blog\/wp-json\/wp\/v2\/posts\/18086"}],"collection":[{"href":"http:\/\/www.kunstgalerie-barbara.de\/blog\/wp-json\/wp\/v2\/posts"}],"about":[{"href":"http:\/\/www.kunstgalerie-barbara.de\/blog\/wp-json\/wp\/v2\/types\/post"}],"author":[{"embeddable":true,"href":"http:\/\/www.kunstgalerie-barbara.de\/blog\/wp-json\/wp\/v2\/users\/1"}],"replies":[{"embeddable":true,"href":"http:\/\/www.kunstgalerie-barbara.de\/blog\/wp-json\/wp\/v2\/comments?post=18086"}],"version-history":[{"count":3,"href":"http:\/\/www.kunstgalerie-barbara.de\/blog\/wp-json\/wp\/v2\/posts\/18086\/revisions"}],"predecessor-version":[{"id":18092,"href":"http:\/\/www.kunstgalerie-barbara.de\/blog\/wp-json\/wp\/v2\/posts\/18086\/revisions\/18092"}],"wp:attachment":[{"href":"http:\/\/www.kunstgalerie-barbara.de\/blog\/wp-json\/wp\/v2\/media?parent=18086"}],"wp:term":[{"taxonomy":"category","embeddable":true,"href":"http:\/\/www.kunstgalerie-barbara.de\/blog\/wp-json\/wp\/v2\/categories?post=18086"},{"taxonomy":"post_tag","embeddable":true,"href":"http:\/\/www.kunstgalerie-barbara.de\/blog\/wp-json\/wp\/v2\/tags?post=18086"}],"curies":[{"name":"wp","href":"https:\/\/api.w.org\/{rel}","templated":true}]}}