{"id":18090,"date":"2023-08-04T05:15:11","date_gmt":"2023-08-04T03:15:11","guid":{"rendered":"http:\/\/www.kunstgalerie-barbara.de\/blog\/?p=18090"},"modified":"2024-11-22T16:00:34","modified_gmt":"2024-11-22T14:00:34","slug":"unsere-einstellung-zu-reifem-obst-und-auch-zu-gemuese-ist-ganz-und-gar-nicht-in-ordnung-beispielsweise-muessten-reife-bananen-kiwis-ect-nicht-weggeworfen-werfen-sie-koennten-statt-dessen-billiger","status":"publish","type":"post","link":"http:\/\/www.kunstgalerie-barbara.de\/blog\/2023\/08\/unsere-einstellung-zu-reifem-obst-und-auch-zu-gemuese-ist-ganz-und-gar-nicht-in-ordnung-beispielsweise-muessten-reife-bananen-kiwis-ect-nicht-weggeworfen-werfen-sie-koennten-statt-dessen-billiger\/","title":{"rendered":"Unsere Einstellung zu \u00fcberreifem Obst und auch zu etwas unansehnlicherem Gem\u00fcse ist ganz und gar nicht in Ordnung. Beispielsweise m\u00fc\u00dften reife Bananen, Kiwis ect. nicht weggeworfen werden, sie k\u00f6nnten statt dessen billiger auf M\u00e4rkten und in Superm\u00e4rkten verkauft werden. Sie w\u00fcrden bestimmt ihre Abnehmer finden,denn es gibt ne Menge Menschen in unserer Gesellschaft, denen es finanziell nicht gut geht, sie w\u00fcrden sich freuen \u00fcber preiswerteres oder geschenktes Obst und Gem\u00fcse! Beispielsweise kann man aus oder mit p\u00fcrrierten Bananen Leckeres zubereiten: zum Fr\u00fchst\u00fcck zusammen mit \u00c4pfeln und Birnen, als Dessert mit Quark oder Joghurt!"},"content":{"rendered":"<figure id=\"attachment_23722\" aria-describedby=\"caption-attachment-23722\" style=\"width: 616px\" class=\"wp-caption aligncenter\"><a href=\"http:\/\/www.kunstgalerie-barbara.de\/blog\/wp-content\/uploads\/2016\/10\/P1010036.jpg\"><img loading=\"lazy\" decoding=\"async\" class=\" wp-image-23722\" src=\"http:\/\/www.kunstgalerie-barbara.de\/blog\/wp-content\/uploads\/2016\/10\/P1010036.jpg\" alt=\"\" width=\"616\" height=\"464\" srcset=\"http:\/\/www.kunstgalerie-barbara.de\/blog\/wp-content\/uploads\/2016\/10\/P1010036.jpg 536w, http:\/\/www.kunstgalerie-barbara.de\/blog\/wp-content\/uploads\/2016\/10\/P1010036-300x226.jpg 300w\" sizes=\"(max-width: 616px) 100vw, 616px\" \/><\/a><figcaption id=\"caption-attachment-23722\" class=\"wp-caption-text\">OLYMPUS DIGITAL CAMERA<\/figcaption><\/figure>\n","protected":false},"excerpt":{"rendered":"","protected":false},"author":1,"featured_media":0,"comment_status":"open","ping_status":"open","sticky":false,"template":"","format":"standard","meta":{"footnotes":""},"categories":[74,75,27,51],"tags":[],"jetpack_featured_media_url":"","_links":{"self":[{"href":"http:\/\/www.kunstgalerie-barbara.de\/blog\/wp-json\/wp\/v2\/posts\/18090"}],"collection":[{"href":"http:\/\/www.kunstgalerie-barbara.de\/blog\/wp-json\/wp\/v2\/posts"}],"about":[{"href":"http:\/\/www.kunstgalerie-barbara.de\/blog\/wp-json\/wp\/v2\/types\/post"}],"author":[{"embeddable":true,"href":"http:\/\/www.kunstgalerie-barbara.de\/blog\/wp-json\/wp\/v2\/users\/1"}],"replies":[{"embeddable":true,"href":"http:\/\/www.kunstgalerie-barbara.de\/blog\/wp-json\/wp\/v2\/comments?post=18090"}],"version-history":[{"count":5,"href":"http:\/\/www.kunstgalerie-barbara.de\/blog\/wp-json\/wp\/v2\/posts\/18090\/revisions"}],"predecessor-version":[{"id":24021,"href":"http:\/\/www.kunstgalerie-barbara.de\/blog\/wp-json\/wp\/v2\/posts\/18090\/revisions\/24021"}],"wp:attachment":[{"href":"http:\/\/www.kunstgalerie-barbara.de\/blog\/wp-json\/wp\/v2\/media?parent=18090"}],"wp:term":[{"taxonomy":"category","embeddable":true,"href":"http:\/\/www.kunstgalerie-barbara.de\/blog\/wp-json\/wp\/v2\/categories?post=18090"},{"taxonomy":"post_tag","embeddable":true,"href":"http:\/\/www.kunstgalerie-barbara.de\/blog\/wp-json\/wp\/v2\/tags?post=18090"}],"curies":[{"name":"wp","href":"https:\/\/api.w.org\/{rel}","templated":true}]}}