{"id":18200,"date":"2016-11-01T11:17:09","date_gmt":"2016-11-01T09:17:09","guid":{"rendered":"http:\/\/www.kunstgalerie-barbara.de\/blog\/?p=18200"},"modified":"2016-11-01T12:09:34","modified_gmt":"2016-11-01T10:09:34","slug":"brachenexkursion-durch-die-bremer-ueberseestadt-mit-exkursionsleiter-josef-mueller","status":"publish","type":"post","link":"http:\/\/www.kunstgalerie-barbara.de\/blog\/2016\/11\/brachenexkursion-durch-die-bremer-ueberseestadt-mit-exkursionsleiter-josef-mueller\/","title":{"rendered":"Brachenexkursion durch die Bremer \u00dcberseestadt mit Exkursionsleiter Josef M\u00fcller"},"content":{"rendered":"<p>Wer sich f\u00fcr diese Exkursionen interessiert unten stehenden Link anklicken<\/p>\n<p><a href=\"http:\/\/www.nwv-bremen.de\/\">http:\/\/www.nwv-bremen.de\/<\/a><\/p>\n<p>https:\/\/youtu.be\/muLTrxRpVq0<\/p>\n","protected":false},"excerpt":{"rendered":"<p>Wer sich f\u00fcr diese Exkursionen interessiert unten stehenden Link anklicken http:\/\/www.nwv-bremen.de\/ https:\/\/youtu.be\/muLTrxRpVq0<\/p>\n","protected":false},"author":1,"featured_media":0,"comment_status":"open","ping_status":"open","sticky":false,"template":"","format":"standard","meta":{"footnotes":""},"categories":[70,69,73,67,51,64],"tags":[],"jetpack_featured_media_url":"","_links":{"self":[{"href":"http:\/\/www.kunstgalerie-barbara.de\/blog\/wp-json\/wp\/v2\/posts\/18200"}],"collection":[{"href":"http:\/\/www.kunstgalerie-barbara.de\/blog\/wp-json\/wp\/v2\/posts"}],"about":[{"href":"http:\/\/www.kunstgalerie-barbara.de\/blog\/wp-json\/wp\/v2\/types\/post"}],"author":[{"embeddable":true,"href":"http:\/\/www.kunstgalerie-barbara.de\/blog\/wp-json\/wp\/v2\/users\/1"}],"replies":[{"embeddable":true,"href":"http:\/\/www.kunstgalerie-barbara.de\/blog\/wp-json\/wp\/v2\/comments?post=18200"}],"version-history":[{"count":4,"href":"http:\/\/www.kunstgalerie-barbara.de\/blog\/wp-json\/wp\/v2\/posts\/18200\/revisions"}],"predecessor-version":[{"id":18206,"href":"http:\/\/www.kunstgalerie-barbara.de\/blog\/wp-json\/wp\/v2\/posts\/18200\/revisions\/18206"}],"wp:attachment":[{"href":"http:\/\/www.kunstgalerie-barbara.de\/blog\/wp-json\/wp\/v2\/media?parent=18200"}],"wp:term":[{"taxonomy":"category","embeddable":true,"href":"http:\/\/www.kunstgalerie-barbara.de\/blog\/wp-json\/wp\/v2\/categories?post=18200"},{"taxonomy":"post_tag","embeddable":true,"href":"http:\/\/www.kunstgalerie-barbara.de\/blog\/wp-json\/wp\/v2\/tags?post=18200"}],"curies":[{"name":"wp","href":"https:\/\/api.w.org\/{rel}","templated":true}]}}