{"id":18272,"date":"2016-11-19T15:33:22","date_gmt":"2016-11-19T13:33:22","guid":{"rendered":"http:\/\/www.kunstgalerie-barbara.de\/blog\/?p=18272"},"modified":"2016-11-19T15:33:22","modified_gmt":"2016-11-19T13:33:22","slug":"kann-ich-mir-denken-dass-es-den-regierenden-nicht-in-den-kram-passt-wenn-es-auch-noch-andere-moeglichkeiten-gibt-als-ihren-verlautbarungen-blind-zu-folgen-und-andere-moeglichkeiten-gibt-politisch-a","status":"publish","type":"post","link":"http:\/\/www.kunstgalerie-barbara.de\/blog\/2016\/11\/kann-ich-mir-denken-dass-es-den-regierenden-nicht-in-den-kram-passt-wenn-es-auch-noch-andere-moeglichkeiten-gibt-als-ihren-verlautbarungen-blind-zu-folgen-und-andere-moeglichkeiten-gibt-politisch-a\/","title":{"rendered":"Kann ich mir denken, dass es den Regierenden nicht in den Kram pa\u00dft, wenn es auch noch andere M\u00f6glichkeiten gibt, als ihren Verlautbarungen blind zu folgen und andere M\u00f6glichkeiten gibt politisch aktiv zu sein&#8230;"},"content":{"rendered":"<div class=\"mtm _4fzb\">\n<div class=\"mtm _5pco\" data-ft=\"{&quot;tn&quot;:&quot;K&quot;}\">\n<div id=\"id_583053e0d60184a87106344\" class=\"text_exposed_root text_exposed\">\n<p>Obama hat Berlin w\u00e4hrend seiner europ\u00e4ischen Abschiedstour besucht und Merkel im Kanzleramt getroffen. Bei ihrer gemeinsamen Erkl\u00e4rung vor der Presse beschuldig<span class=\"text_exposed_show\">ten beide das Internet f\u00fcr die St\u00f6rung der Pl\u00e4ne des Globalismus, denn die Technologie macht es viel schwieriger, die Menschen hinter einer gemeinsamen Idee zu bringen. In anderen Worten, das Internet mit seiner alternativen Informationsm\u00f6glichkeit bricht das Monopol ihrer Propagandamaschine genannt etablierte Medien und sie haben die Kontrolle \u00fcber die Meinungsbildung verloren. Deshalb muss eine Zensur her, sagen sie!<\/span><\/p>\n<\/div>\n<\/div>\n<\/div>\n<div data-ft=\"{&quot;tn&quot;:&quot;H&quot;}\">\n<div class=\"mtm\">\n<div id=\"u_jsonp_3_14\" class=\"_6m2 _1zpr clearfix _dcs _4_w4 _59ap\" data-ft=\"{&quot;tn&quot;:&quot;H&quot;}\">\n<div class=\"clearfix _2r3x\">\n<div class=\"lfloat _ohe\">\n<div class=\"_6ks\">\n<div class=\"_6l- __c_\">\n<div class=\"uiScaledImageContainer _6m5 fbStoryAttachmentImage\"><img loading=\"lazy\" decoding=\"async\" class=\"scaledImageFitWidth img\" src=\"https:\/\/external.ftxl1-1.fna.fbcdn.net\/safe_image.php?d=AQCJ0H1jk1TmEmNR&amp;w=487&amp;h=255&amp;url=https%3A%2F%2F4.bp.blogspot.com%2F-VUI6GGqPOcM%2FWC5DOYqicOI%2FAAAAAAAAep4%2FFkQjCywTmHE707pHgJjdQfc09H-HcyrkACLcB%2Fw1200-h630-p-nu%2FObamaMerkelBerlin.jpg&amp;cfs=1&amp;upscale=1&amp;sx=0&amp;sy=1&amp;sw=860&amp;sh=450\" alt=\"\" width=\"487\" height=\"255\" \/><\/div>\n<\/div>\n<\/div>\n<div class=\"_3ekx _29_4\">\n<div class=\"_6m3 _--6\">\n<div class=\"mbs _6m6 _2cnj _5s6c\"><a href=\"http:\/\/l.facebook.com\/l.php?u=http%3A%2F%2Falles-schallundrauch.blogspot.de%2F2016%2F11%2Fobama-und-merkel-das-internet-ist-schuld.html%3Fm%3D1&amp;h=NAQFw2t-x&amp;enc=AZOcAQS4hHumpe1GBpqlmWJMYGgIqjnK7Ho4LjdocX4QtvfwN1qjWc9dqiMSeQwN55ppOWohQPCW_dBoOflyebhQColppr8xYauh7Pzm2XBH8MVg9ezzl9HjlIvHfndbYs_nFLEHKF9R5mNar6Z2PFGCDL_-TzySA0YagR8SEAm_IbwTyjIbz5iwnMG9T0Zxl-sWjMyn14wqgl1wrgdhMMI1&amp;s=1\" target=\"_blank\" rel=\"nofollow\">Obama und Merkel &#8211; das Internet ist schuld<\/a><\/div>\n<div class=\"_6m7 _3bt9\">Obama hat Berlin w\u00e4hrend seiner europ\u00e4ische Abschiedstour besucht und Merkel im Kanzleramt getroffen. Bei ihrer gemeinsamen Erkl\u00e4rung\u2026<\/div>\n<div class=\"_59tj _2iau\">\n<div>\n<div class=\"_6lz _6mb ellipsis\">alles-schallundrauch.blogspot.com<span class=\"phs\">|<\/span>Von Freeman<\/div>\n<div class=\"_5tc6\"><\/div>\n<\/div>\n<\/div>\n<\/div>\n<\/div>\n<\/div>\n<\/div>\n<\/div>\n<\/div>\n<\/div>\n","protected":false},"excerpt":{"rendered":"<p>Obama hat Berlin w\u00e4hrend seiner europ\u00e4ischen Abschiedstour besucht und Merkel im Kanzleramt getroffen. Bei ihrer gemeinsamen Erkl\u00e4rung vor der Presse beschuldigten beide das Internet f\u00fcr die St\u00f6rung der Pl\u00e4ne des Globalismus, denn die Technologie macht es viel schwieriger, die Menschen hinter einer gemeinsamen Idee zu bringen. In anderen Worten, das Internet mit seiner alternativen Informationsm\u00f6glichkeit bricht das Monopol ihrer Propagandamaschine genannt etablierte Medien und sie haben die Kontrolle \u00fcber die Meinungsbildung verloren. Deshalb muss eine Zensur her, sagen sie! Obama und Merkel &#8211; das Internet ist schuld Obama hat Berlin w\u00e4hrend seiner europ\u00e4ische Abschiedstour besucht und Merkel im Kanzleramt getroffen. Bei ihrer gemeinsamen Erkl\u00e4rung\u2026 alles-schallundrauch.blogspot.com|Von Freeman<\/p>\n","protected":false},"author":1,"featured_media":0,"comment_status":"open","ping_status":"open","sticky":false,"template":"","format":"standard","meta":{"footnotes":""},"categories":[42,40,51],"tags":[],"jetpack_featured_media_url":"","_links":{"self":[{"href":"http:\/\/www.kunstgalerie-barbara.de\/blog\/wp-json\/wp\/v2\/posts\/18272"}],"collection":[{"href":"http:\/\/www.kunstgalerie-barbara.de\/blog\/wp-json\/wp\/v2\/posts"}],"about":[{"href":"http:\/\/www.kunstgalerie-barbara.de\/blog\/wp-json\/wp\/v2\/types\/post"}],"author":[{"embeddable":true,"href":"http:\/\/www.kunstgalerie-barbara.de\/blog\/wp-json\/wp\/v2\/users\/1"}],"replies":[{"embeddable":true,"href":"http:\/\/www.kunstgalerie-barbara.de\/blog\/wp-json\/wp\/v2\/comments?post=18272"}],"version-history":[{"count":1,"href":"http:\/\/www.kunstgalerie-barbara.de\/blog\/wp-json\/wp\/v2\/posts\/18272\/revisions"}],"predecessor-version":[{"id":18273,"href":"http:\/\/www.kunstgalerie-barbara.de\/blog\/wp-json\/wp\/v2\/posts\/18272\/revisions\/18273"}],"wp:attachment":[{"href":"http:\/\/www.kunstgalerie-barbara.de\/blog\/wp-json\/wp\/v2\/media?parent=18272"}],"wp:term":[{"taxonomy":"category","embeddable":true,"href":"http:\/\/www.kunstgalerie-barbara.de\/blog\/wp-json\/wp\/v2\/categories?post=18272"},{"taxonomy":"post_tag","embeddable":true,"href":"http:\/\/www.kunstgalerie-barbara.de\/blog\/wp-json\/wp\/v2\/tags?post=18272"}],"curies":[{"name":"wp","href":"https:\/\/api.w.org\/{rel}","templated":true}]}}