{"id":18373,"date":"2016-12-22T09:43:43","date_gmt":"2016-12-22T07:43:43","guid":{"rendered":"http:\/\/www.kunstgalerie-barbara.de\/blog\/?p=18373"},"modified":"2016-12-22T09:44:54","modified_gmt":"2016-12-22T07:44:54","slug":"seit-dem-furchtbaren-anschlag-in-berlin-wird-viel-ueber-innenpolitik-geredet-natuerlich-muss-die-politik-alles-dafuer-tun-damit-die-menschen-in-deutschland-wieder-sicher-leben-koennen-mit-einer-kle","status":"publish","type":"post","link":"http:\/\/www.kunstgalerie-barbara.de\/blog\/2016\/12\/seit-dem-furchtbaren-anschlag-in-berlin-wird-viel-ueber-innenpolitik-geredet-natuerlich-muss-die-politik-alles-dafuer-tun-damit-die-menschen-in-deutschland-wieder-sicher-leben-koennen-mit-einer-kle\/","title":{"rendered":"Sarah Wagenknecht: Seit dem furchtbaren Anschlag in Berlin wird viel \u00fcber Innenpolitik geredet. Nat\u00fcrlich muss die Politik alles daf\u00fcr tun, damit die Menschen in Deutschland wieder sicher leben k\u00f6nnen. Mit einer kleingesparten Polizei und Toleranz f\u00fcr islamistische Netzwerke, etwa gesteuert vom t\u00fcrkischen Despoten Erdogan, die auch hierzulande f\u00fcr einen radikalisierten politischen Islam werben, wird Sicherheit nicht zu erreichen sein. Aber noch wichtiger f\u00fcr unsere Sicherheit ist eine Ver\u00e4nderung der deutschen Au\u00dfenpolitik. Solange wir uns an den \u00d6l- und Gaskriegen der USA und ihrer Verb\u00fcndeten in der islamischen Welt beteiligen, die bereits 1,5 Millionen Menschen das Leben gekostet haben, und solange wir logistische Unterst\u00fctzung f\u00fcr die US-Drohnenmorde leisten, die oft genug Unschuldige treffen, solange sorgen wir selbst daf\u00fcr, dass islamistische Terrorbanden Zulauf erhalten und auch Deutschland zu ihrer Zielscheibe wird. Der Nahostexperte G\u00fcnter Meyer macht in beiliegendem Interview auf einen wichtigen Zusammenhang aufmerksam, der in der aktuellen medialen Berichterstattung nahezu komplett verschwiegen wird: Der Terror, den wir nun auch vor unserer eigenen Haust\u00fcr erleben, kommt nicht aus dem Nichts, sondern ist Produkt unserer Kriege und unseres Terrors gegen die Zivilbev\u00f6lkerung im Nahen und Mittleren Osten. Schluss mit den Kriegseins\u00e4tzen der Bundeswehr in den angeblichen Anti-Terror-Kriegen, die den islamistischen Terrorismus nur st\u00e4rker gemacht haben! Schluss mit deutschen Waffenlieferungen in Kriegs- und Krisenregionen mit Waffen, die deutsche R\u00fcstungsschmieden reich und das dauerhafte Morden erst m\u00f6glich machen! F\u00fcr eine friedliche deutsche Au\u00dfenpolitik! Syrien-Krieg: &#8220;Hauptverantwortung liegt bei den USA&#8221; &#8211; heute-Nachrichten heute.de|Von Zweites Deutsches Fernsehen (ZDF)"},"content":{"rendered":"","protected":false},"excerpt":{"rendered":"","protected":false},"author":1,"featured_media":0,"comment_status":"open","ping_status":"open","sticky":false,"template":"","format":"standard","meta":{"footnotes":""},"categories":[42,40,51],"tags":[],"jetpack_featured_media_url":"","_links":{"self":[{"href":"http:\/\/www.kunstgalerie-barbara.de\/blog\/wp-json\/wp\/v2\/posts\/18373"}],"collection":[{"href":"http:\/\/www.kunstgalerie-barbara.de\/blog\/wp-json\/wp\/v2\/posts"}],"about":[{"href":"http:\/\/www.kunstgalerie-barbara.de\/blog\/wp-json\/wp\/v2\/types\/post"}],"author":[{"embeddable":true,"href":"http:\/\/www.kunstgalerie-barbara.de\/blog\/wp-json\/wp\/v2\/users\/1"}],"replies":[{"embeddable":true,"href":"http:\/\/www.kunstgalerie-barbara.de\/blog\/wp-json\/wp\/v2\/comments?post=18373"}],"version-history":[{"count":2,"href":"http:\/\/www.kunstgalerie-barbara.de\/blog\/wp-json\/wp\/v2\/posts\/18373\/revisions"}],"predecessor-version":[{"id":18375,"href":"http:\/\/www.kunstgalerie-barbara.de\/blog\/wp-json\/wp\/v2\/posts\/18373\/revisions\/18375"}],"wp:attachment":[{"href":"http:\/\/www.kunstgalerie-barbara.de\/blog\/wp-json\/wp\/v2\/media?parent=18373"}],"wp:term":[{"taxonomy":"category","embeddable":true,"href":"http:\/\/www.kunstgalerie-barbara.de\/blog\/wp-json\/wp\/v2\/categories?post=18373"},{"taxonomy":"post_tag","embeddable":true,"href":"http:\/\/www.kunstgalerie-barbara.de\/blog\/wp-json\/wp\/v2\/tags?post=18373"}],"curies":[{"name":"wp","href":"https:\/\/api.w.org\/{rel}","templated":true}]}}