{"id":18391,"date":"2016-12-28T08:24:26","date_gmt":"2016-12-28T06:24:26","guid":{"rendered":"http:\/\/www.kunstgalerie-barbara.de\/blog\/?p=18391"},"modified":"2016-12-28T08:24:26","modified_gmt":"2016-12-28T06:24:26","slug":"lionsrock-ein-ort-in-suedafrika-an-dem-alte-circus-grosskatzen-in-relativer-freiheit-ihren-lebensabend-verbringen-duerfen-finanziert-wird-dies-unter-anderem-von-der-tierschutzorganisation-vier-pf","status":"publish","type":"post","link":"http:\/\/www.kunstgalerie-barbara.de\/blog\/2016\/12\/lionsrock-ein-ort-in-suedafrika-an-dem-alte-circus-grosskatzen-in-relativer-freiheit-ihren-lebensabend-verbringen-duerfen-finanziert-wird-dies-unter-anderem-von-der-tierschutzorganisation-vier-pf\/","title":{"rendered":"Lionsrock ein Ort in S\u00fcdafrika, an dem alte Circus-Gro\u00dfkatzen in relativer Freiheit ihren Lebensabend verbringen d\u00fcrfen. Finanziert wird dies unter anderem von der Tierschutzorganisation &#8221; Vier Pfoten &#8220;"},"content":{"rendered":"<p>https:\/\/youtu.be\/92deWyqZc3k<\/p>\n","protected":false},"excerpt":{"rendered":"<p>https:\/\/youtu.be\/92deWyqZc3k<\/p>\n","protected":false},"author":1,"featured_media":0,"comment_status":"open","ping_status":"open","sticky":false,"template":"","format":"standard","meta":{"footnotes":""},"categories":[69,42,67,71,51],"tags":[],"jetpack_featured_media_url":"","_links":{"self":[{"href":"http:\/\/www.kunstgalerie-barbara.de\/blog\/wp-json\/wp\/v2\/posts\/18391"}],"collection":[{"href":"http:\/\/www.kunstgalerie-barbara.de\/blog\/wp-json\/wp\/v2\/posts"}],"about":[{"href":"http:\/\/www.kunstgalerie-barbara.de\/blog\/wp-json\/wp\/v2\/types\/post"}],"author":[{"embeddable":true,"href":"http:\/\/www.kunstgalerie-barbara.de\/blog\/wp-json\/wp\/v2\/users\/1"}],"replies":[{"embeddable":true,"href":"http:\/\/www.kunstgalerie-barbara.de\/blog\/wp-json\/wp\/v2\/comments?post=18391"}],"version-history":[{"count":1,"href":"http:\/\/www.kunstgalerie-barbara.de\/blog\/wp-json\/wp\/v2\/posts\/18391\/revisions"}],"predecessor-version":[{"id":18392,"href":"http:\/\/www.kunstgalerie-barbara.de\/blog\/wp-json\/wp\/v2\/posts\/18391\/revisions\/18392"}],"wp:attachment":[{"href":"http:\/\/www.kunstgalerie-barbara.de\/blog\/wp-json\/wp\/v2\/media?parent=18391"}],"wp:term":[{"taxonomy":"category","embeddable":true,"href":"http:\/\/www.kunstgalerie-barbara.de\/blog\/wp-json\/wp\/v2\/categories?post=18391"},{"taxonomy":"post_tag","embeddable":true,"href":"http:\/\/www.kunstgalerie-barbara.de\/blog\/wp-json\/wp\/v2\/tags?post=18391"}],"curies":[{"name":"wp","href":"https:\/\/api.w.org\/{rel}","templated":true}]}}