{"id":18474,"date":"2017-01-21T08:04:03","date_gmt":"2017-01-21T06:04:03","guid":{"rendered":"http:\/\/www.kunstgalerie-barbara.de\/blog\/?p=18474"},"modified":"2017-01-21T08:04:03","modified_gmt":"2017-01-21T06:04:03","slug":"jedes-jahr-im-winter-muessen-baeume-und-efeu-rund-ums-haus-gestutzt-werden-und-dies-ist-dabei-zutage-gekommen-ein-nest-das-hoffentlich-im-fruehjahr-wieder-bezogen-wird","status":"publish","type":"post","link":"http:\/\/www.kunstgalerie-barbara.de\/blog\/2017\/01\/jedes-jahr-im-winter-muessen-baeume-und-efeu-rund-ums-haus-gestutzt-werden-und-dies-ist-dabei-zutage-gekommen-ein-nest-das-hoffentlich-im-fruehjahr-wieder-bezogen-wird\/","title":{"rendered":"Jedes Jahr im Winter m\u00fcssen B\u00e4ume und Efeu rund ums Haus gestutzt werden und dies ist dabei zutage gekommen, ein Nest, das hoffentlich im Fr\u00fchjahr wieder bezogen wird&#8230;."},"content":{"rendered":"<p><a href=\"http:\/\/www.kunstgalerie-barbara.de\/blog\/wp-content\/uploads\/2017\/01\/P1170709-Kopie.jpg\"><img loading=\"lazy\" decoding=\"async\" class=\"aligncenter wp-image-18475 size-full\" src=\"http:\/\/www.kunstgalerie-barbara.de\/blog\/wp-content\/uploads\/2017\/01\/P1170709-Kopie.jpg\" width=\"450\" height=\"302\" srcset=\"http:\/\/www.kunstgalerie-barbara.de\/blog\/wp-content\/uploads\/2017\/01\/P1170709-Kopie.jpg 450w, http:\/\/www.kunstgalerie-barbara.de\/blog\/wp-content\/uploads\/2017\/01\/P1170709-Kopie-300x201.jpg 300w\" sizes=\"(max-width: 450px) 100vw, 450px\" \/><\/a><\/p>\n","protected":false},"excerpt":{"rendered":"","protected":false},"author":1,"featured_media":0,"comment_status":"open","ping_status":"open","sticky":false,"template":"","format":"standard","meta":{"footnotes":""},"categories":[66,26,19,67,71,51],"tags":[],"jetpack_featured_media_url":"","_links":{"self":[{"href":"http:\/\/www.kunstgalerie-barbara.de\/blog\/wp-json\/wp\/v2\/posts\/18474"}],"collection":[{"href":"http:\/\/www.kunstgalerie-barbara.de\/blog\/wp-json\/wp\/v2\/posts"}],"about":[{"href":"http:\/\/www.kunstgalerie-barbara.de\/blog\/wp-json\/wp\/v2\/types\/post"}],"author":[{"embeddable":true,"href":"http:\/\/www.kunstgalerie-barbara.de\/blog\/wp-json\/wp\/v2\/users\/1"}],"replies":[{"embeddable":true,"href":"http:\/\/www.kunstgalerie-barbara.de\/blog\/wp-json\/wp\/v2\/comments?post=18474"}],"version-history":[{"count":1,"href":"http:\/\/www.kunstgalerie-barbara.de\/blog\/wp-json\/wp\/v2\/posts\/18474\/revisions"}],"predecessor-version":[{"id":18476,"href":"http:\/\/www.kunstgalerie-barbara.de\/blog\/wp-json\/wp\/v2\/posts\/18474\/revisions\/18476"}],"wp:attachment":[{"href":"http:\/\/www.kunstgalerie-barbara.de\/blog\/wp-json\/wp\/v2\/media?parent=18474"}],"wp:term":[{"taxonomy":"category","embeddable":true,"href":"http:\/\/www.kunstgalerie-barbara.de\/blog\/wp-json\/wp\/v2\/categories?post=18474"},{"taxonomy":"post_tag","embeddable":true,"href":"http:\/\/www.kunstgalerie-barbara.de\/blog\/wp-json\/wp\/v2\/tags?post=18474"}],"curies":[{"name":"wp","href":"https:\/\/api.w.org\/{rel}","templated":true}]}}