{"id":18525,"date":"2017-02-03T12:36:07","date_gmt":"2017-02-03T10:36:07","guid":{"rendered":"http:\/\/www.kunstgalerie-barbara.de\/blog\/?p=18525"},"modified":"2017-02-03T12:40:17","modified_gmt":"2017-02-03T10:40:17","slug":"wenn-schon-baeume-gefaellt-werden-muessen-was-ziemlich-oft-ueberfluessig-ist-sollte-man-sich-diese-grandiosen-holzstrukturen-einmal-genauer-betrachten","status":"publish","type":"post","link":"http:\/\/www.kunstgalerie-barbara.de\/blog\/2017\/02\/wenn-schon-baeume-gefaellt-werden-muessen-was-ziemlich-oft-ueberfluessig-ist-sollte-man-sich-diese-grandiosen-holzstrukturen-einmal-genauer-betrachten\/","title":{"rendered":"Makrowelten: Wenn schon B\u00e4ume gef\u00e4llt werden m\u00fcssen, was ziemlich oft \u00fcberfl\u00fcssig ist, sollte man sich diese grandiosen Holzstrukturen einmal genauer betrachten&#8230;"},"content":{"rendered":"<p><a href=\"http:\/\/www.kunstgalerie-barbara.de\/blog\/wp-content\/uploads\/2017\/02\/Baumstrukturen-Kopie.jpg\"><img loading=\"lazy\" decoding=\"async\" class=\"aligncenter wp-image-18526 size-full\" src=\"http:\/\/www.kunstgalerie-barbara.de\/blog\/wp-content\/uploads\/2017\/02\/Baumstrukturen-Kopie.jpg\" width=\"450\" height=\"600\" srcset=\"http:\/\/www.kunstgalerie-barbara.de\/blog\/wp-content\/uploads\/2017\/02\/Baumstrukturen-Kopie.jpg 450w, http:\/\/www.kunstgalerie-barbara.de\/blog\/wp-content\/uploads\/2017\/02\/Baumstrukturen-Kopie-225x300.jpg 225w\" sizes=\"(max-width: 450px) 100vw, 450px\" \/><\/a><\/p>\n","protected":false},"excerpt":{"rendered":"","protected":false},"author":1,"featured_media":0,"comment_status":"open","ping_status":"open","sticky":false,"template":"","format":"standard","meta":{"footnotes":""},"categories":[70,73,79,67,51],"tags":[],"jetpack_featured_media_url":"","_links":{"self":[{"href":"http:\/\/www.kunstgalerie-barbara.de\/blog\/wp-json\/wp\/v2\/posts\/18525"}],"collection":[{"href":"http:\/\/www.kunstgalerie-barbara.de\/blog\/wp-json\/wp\/v2\/posts"}],"about":[{"href":"http:\/\/www.kunstgalerie-barbara.de\/blog\/wp-json\/wp\/v2\/types\/post"}],"author":[{"embeddable":true,"href":"http:\/\/www.kunstgalerie-barbara.de\/blog\/wp-json\/wp\/v2\/users\/1"}],"replies":[{"embeddable":true,"href":"http:\/\/www.kunstgalerie-barbara.de\/blog\/wp-json\/wp\/v2\/comments?post=18525"}],"version-history":[{"count":2,"href":"http:\/\/www.kunstgalerie-barbara.de\/blog\/wp-json\/wp\/v2\/posts\/18525\/revisions"}],"predecessor-version":[{"id":18528,"href":"http:\/\/www.kunstgalerie-barbara.de\/blog\/wp-json\/wp\/v2\/posts\/18525\/revisions\/18528"}],"wp:attachment":[{"href":"http:\/\/www.kunstgalerie-barbara.de\/blog\/wp-json\/wp\/v2\/media?parent=18525"}],"wp:term":[{"taxonomy":"category","embeddable":true,"href":"http:\/\/www.kunstgalerie-barbara.de\/blog\/wp-json\/wp\/v2\/categories?post=18525"},{"taxonomy":"post_tag","embeddable":true,"href":"http:\/\/www.kunstgalerie-barbara.de\/blog\/wp-json\/wp\/v2\/tags?post=18525"}],"curies":[{"name":"wp","href":"https:\/\/api.w.org\/{rel}","templated":true}]}}