{"id":18529,"date":"2017-02-05T06:44:08","date_gmt":"2017-02-05T04:44:08","guid":{"rendered":"http:\/\/www.kunstgalerie-barbara.de\/blog\/?p=18529"},"modified":"2017-02-05T06:44:08","modified_gmt":"2017-02-05T04:44:08","slug":"muschelpasta-mit-fruchtigem-wintersalat","status":"publish","type":"post","link":"http:\/\/www.kunstgalerie-barbara.de\/blog\/2017\/02\/muschelpasta-mit-fruchtigem-wintersalat\/","title":{"rendered":"Muschelpasta mit fruchtigem Wintersalat&#8230;"},"content":{"rendered":"<p style=\"text-align: center;\"><a href=\"http:\/\/www.kunstgalerie-barbara.de\/blog\/wp-content\/uploads\/2017\/02\/P1170722-Kopie.jpg\"><img loading=\"lazy\" decoding=\"async\" class=\"aligncenter wp-image-18530 size-full\" src=\"http:\/\/www.kunstgalerie-barbara.de\/blog\/wp-content\/uploads\/2017\/02\/P1170722-Kopie.jpg\" width=\"450\" height=\"303\" srcset=\"http:\/\/www.kunstgalerie-barbara.de\/blog\/wp-content\/uploads\/2017\/02\/P1170722-Kopie.jpg 450w, http:\/\/www.kunstgalerie-barbara.de\/blog\/wp-content\/uploads\/2017\/02\/P1170722-Kopie-300x202.jpg 300w\" sizes=\"(max-width: 450px) 100vw, 450px\" \/><\/a>&#8230;geht super einfach, schmeckt toll, macht satt und ist au\u00dferordentlich vitaminreich!<br \/>\nMuschelpasta garen, inzwischen Pfl\u00fccksalat mit kleingeschnittenen Tomaten, Paprikaschoten, Fr\u00fchlingszwiebeln, Salatgurken und der\u00a0 besondere Kick Mandarinenscheiben hinzuf\u00fcgen, noch etwas Zitronensaft und Salat\u00f6l und fertig ist die Mahlzeit. Muschelnudeln mit dem Salat anrichten. Wer m\u00f6chte kann dazu noch Pomodoripesto reichen.<\/p>\n<p><strong>Bon appetito<\/strong><\/p>\n<p style=\"text-align: center;\">\n","protected":false},"excerpt":{"rendered":"<p>&#8230;geht super einfach, schmeckt toll, macht satt und ist au\u00dferordentlich vitaminreich! Muschelpasta garen, inzwischen Pfl\u00fccksalat mit kleingeschnittenen Tomaten, Paprikaschoten, Fr\u00fchlingszwiebeln, Salatgurken und der\u00a0 besondere Kick Mandarinenscheiben hinzuf\u00fcgen, noch etwas Zitronensaft und Salat\u00f6l und fertig ist die Mahlzeit. Muschelnudeln mit dem Salat anrichten. Wer m\u00f6chte kann dazu noch Pomodoripesto reichen. Bon appetito<\/p>\n","protected":false},"author":1,"featured_media":0,"comment_status":"open","ping_status":"open","sticky":false,"template":"","format":"standard","meta":{"footnotes":""},"categories":[75,27,51],"tags":[],"jetpack_featured_media_url":"","_links":{"self":[{"href":"http:\/\/www.kunstgalerie-barbara.de\/blog\/wp-json\/wp\/v2\/posts\/18529"}],"collection":[{"href":"http:\/\/www.kunstgalerie-barbara.de\/blog\/wp-json\/wp\/v2\/posts"}],"about":[{"href":"http:\/\/www.kunstgalerie-barbara.de\/blog\/wp-json\/wp\/v2\/types\/post"}],"author":[{"embeddable":true,"href":"http:\/\/www.kunstgalerie-barbara.de\/blog\/wp-json\/wp\/v2\/users\/1"}],"replies":[{"embeddable":true,"href":"http:\/\/www.kunstgalerie-barbara.de\/blog\/wp-json\/wp\/v2\/comments?post=18529"}],"version-history":[{"count":1,"href":"http:\/\/www.kunstgalerie-barbara.de\/blog\/wp-json\/wp\/v2\/posts\/18529\/revisions"}],"predecessor-version":[{"id":18531,"href":"http:\/\/www.kunstgalerie-barbara.de\/blog\/wp-json\/wp\/v2\/posts\/18529\/revisions\/18531"}],"wp:attachment":[{"href":"http:\/\/www.kunstgalerie-barbara.de\/blog\/wp-json\/wp\/v2\/media?parent=18529"}],"wp:term":[{"taxonomy":"category","embeddable":true,"href":"http:\/\/www.kunstgalerie-barbara.de\/blog\/wp-json\/wp\/v2\/categories?post=18529"},{"taxonomy":"post_tag","embeddable":true,"href":"http:\/\/www.kunstgalerie-barbara.de\/blog\/wp-json\/wp\/v2\/tags?post=18529"}],"curies":[{"name":"wp","href":"https:\/\/api.w.org\/{rel}","templated":true}]}}