{"id":18552,"date":"2017-02-17T08:14:48","date_gmt":"2017-02-17T06:14:48","guid":{"rendered":"http:\/\/www.kunstgalerie-barbara.de\/blog\/?p=18552"},"modified":"2017-02-17T08:14:48","modified_gmt":"2017-02-17T06:14:48","slug":"sieht-harmlos-aus-sind-aber-folien-und-plastikverpackungen-die-vor-sich-hin-gammeln-diese-art-sammelstellen-sind-ueber-ganz-bremen-verteilt-und-sie-taeuschen-darueber-hinweg-dass-der-plastikmuell","status":"publish","type":"post","link":"http:\/\/www.kunstgalerie-barbara.de\/blog\/2017\/02\/sieht-harmlos-aus-sind-aber-folien-und-plastikverpackungen-die-vor-sich-hin-gammeln-diese-art-sammelstellen-sind-ueber-ganz-bremen-verteilt-und-sie-taeuschen-darueber-hinweg-dass-der-plastikmuell\/","title":{"rendered":"Sieht harmlos aus, sind aber Folien und Plastikverpackungen, die vor sich hin gammeln. Diese Art Sammelstellen sind \u00fcber ganz Bremen verteilt und sie t\u00e4uschen dar\u00fcber hinweg, dass der Plastikm\u00fcll nicht recycled, sondern verbrand wird. Dieser hier wird in einer gro\u00dfen Halle im Hafen zwischengelagert und wenn er nicht drinnen w\u00e4re, w\u00fcrde er zum Himmel stinken, denn Plastik das langsam vergammelt riecht penetrant, es str\u00f6mt Gase aus"},"content":{"rendered":"<p><a href=\"http:\/\/www.kunstgalerie-barbara.de\/blog\/wp-content\/uploads\/2017\/02\/P1170978-Kopie.jpg\"><img loading=\"lazy\" decoding=\"async\" class=\"aligncenter wp-image-18553 size-full\" src=\"http:\/\/www.kunstgalerie-barbara.de\/blog\/wp-content\/uploads\/2017\/02\/P1170978-Kopie.jpg\" width=\"450\" height=\"302\" srcset=\"http:\/\/www.kunstgalerie-barbara.de\/blog\/wp-content\/uploads\/2017\/02\/P1170978-Kopie.jpg 450w, http:\/\/www.kunstgalerie-barbara.de\/blog\/wp-content\/uploads\/2017\/02\/P1170978-Kopie-300x201.jpg 300w\" sizes=\"(max-width: 450px) 100vw, 450px\" \/><\/a><\/p>\n","protected":false},"excerpt":{"rendered":"","protected":false},"author":1,"featured_media":0,"comment_status":"open","ping_status":"open","sticky":false,"template":"","format":"standard","meta":{"footnotes":""},"categories":[70,73,42,75,40,51,64],"tags":[],"jetpack_featured_media_url":"","_links":{"self":[{"href":"http:\/\/www.kunstgalerie-barbara.de\/blog\/wp-json\/wp\/v2\/posts\/18552"}],"collection":[{"href":"http:\/\/www.kunstgalerie-barbara.de\/blog\/wp-json\/wp\/v2\/posts"}],"about":[{"href":"http:\/\/www.kunstgalerie-barbara.de\/blog\/wp-json\/wp\/v2\/types\/post"}],"author":[{"embeddable":true,"href":"http:\/\/www.kunstgalerie-barbara.de\/blog\/wp-json\/wp\/v2\/users\/1"}],"replies":[{"embeddable":true,"href":"http:\/\/www.kunstgalerie-barbara.de\/blog\/wp-json\/wp\/v2\/comments?post=18552"}],"version-history":[{"count":1,"href":"http:\/\/www.kunstgalerie-barbara.de\/blog\/wp-json\/wp\/v2\/posts\/18552\/revisions"}],"predecessor-version":[{"id":18554,"href":"http:\/\/www.kunstgalerie-barbara.de\/blog\/wp-json\/wp\/v2\/posts\/18552\/revisions\/18554"}],"wp:attachment":[{"href":"http:\/\/www.kunstgalerie-barbara.de\/blog\/wp-json\/wp\/v2\/media?parent=18552"}],"wp:term":[{"taxonomy":"category","embeddable":true,"href":"http:\/\/www.kunstgalerie-barbara.de\/blog\/wp-json\/wp\/v2\/categories?post=18552"},{"taxonomy":"post_tag","embeddable":true,"href":"http:\/\/www.kunstgalerie-barbara.de\/blog\/wp-json\/wp\/v2\/tags?post=18552"}],"curies":[{"name":"wp","href":"https:\/\/api.w.org\/{rel}","templated":true}]}}