{"id":18831,"date":"2017-05-08T06:53:39","date_gmt":"2017-05-08T04:53:39","guid":{"rendered":"http:\/\/www.kunstgalerie-barbara.de\/blog\/?p=18831"},"modified":"2017-05-08T06:57:37","modified_gmt":"2017-05-08T04:57:37","slug":"mit-biodiversitaet-hat-dies-leider-nichts-zu-tun-trotzdem-ist-ne-butterblumenwiese-ein-wunderschoener-und-erholsamer-anblick","status":"publish","type":"post","link":"http:\/\/www.kunstgalerie-barbara.de\/blog\/2017\/05\/mit-biodiversitaet-hat-dies-leider-nichts-zu-tun-trotzdem-ist-ne-butterblumenwiese-ein-wunderschoener-und-erholsamer-anblick\/","title":{"rendered":"Mit Biodiversit\u00e4t hat dies leider nichts zu tun, trotzdem ist ne Butterblumenwiese ein wundersch\u00f6ner und erholsamer Anblick&#8230;"},"content":{"rendered":"<p><a href=\"http:\/\/www.kunstgalerie-barbara.de\/blog\/wp-content\/uploads\/2017\/05\/P1220141-Kopie.jpg\"><img loading=\"lazy\" decoding=\"async\" class=\"aligncenter wp-image-18832 size-full\" src=\"http:\/\/www.kunstgalerie-barbara.de\/blog\/wp-content\/uploads\/2017\/05\/P1220141-Kopie.jpg\" alt=\"\" width=\"450\" height=\"302\" srcset=\"http:\/\/www.kunstgalerie-barbara.de\/blog\/wp-content\/uploads\/2017\/05\/P1220141-Kopie.jpg 450w, http:\/\/www.kunstgalerie-barbara.de\/blog\/wp-content\/uploads\/2017\/05\/P1220141-Kopie-300x201.jpg 300w\" sizes=\"(max-width: 450px) 100vw, 450px\" \/><\/a>Es k\u00f6nnten weitaus mehr Pflanzensorten auf unseren Wiesen zu finden sein, wenn, ja wenn die Wiesen nicht hoffnungslos \u00fcberd\u00fcngt w\u00e4ren und dir Bauern nicht so h\u00e4ufig m\u00e4hen w\u00fcrden. Auf Magerwiesen ist Biodiversit\u00e4t noch zu finden!<\/p>\n","protected":false},"excerpt":{"rendered":"<p>Es k\u00f6nnten weitaus mehr Pflanzensorten auf unseren Wiesen zu finden sein, wenn, ja wenn die Wiesen nicht hoffnungslos \u00fcberd\u00fcngt w\u00e4ren und dir Bauern nicht so h\u00e4ufig m\u00e4hen w\u00fcrden. Auf Magerwiesen ist Biodiversit\u00e4t noch zu finden!<\/p>\n","protected":false},"author":1,"featured_media":0,"comment_status":"open","ping_status":"open","sticky":false,"template":"","format":"standard","meta":{"footnotes":""},"categories":[70,22,42,19,67,40,51,64],"tags":[],"jetpack_featured_media_url":"","_links":{"self":[{"href":"http:\/\/www.kunstgalerie-barbara.de\/blog\/wp-json\/wp\/v2\/posts\/18831"}],"collection":[{"href":"http:\/\/www.kunstgalerie-barbara.de\/blog\/wp-json\/wp\/v2\/posts"}],"about":[{"href":"http:\/\/www.kunstgalerie-barbara.de\/blog\/wp-json\/wp\/v2\/types\/post"}],"author":[{"embeddable":true,"href":"http:\/\/www.kunstgalerie-barbara.de\/blog\/wp-json\/wp\/v2\/users\/1"}],"replies":[{"embeddable":true,"href":"http:\/\/www.kunstgalerie-barbara.de\/blog\/wp-json\/wp\/v2\/comments?post=18831"}],"version-history":[{"count":3,"href":"http:\/\/www.kunstgalerie-barbara.de\/blog\/wp-json\/wp\/v2\/posts\/18831\/revisions"}],"predecessor-version":[{"id":18835,"href":"http:\/\/www.kunstgalerie-barbara.de\/blog\/wp-json\/wp\/v2\/posts\/18831\/revisions\/18835"}],"wp:attachment":[{"href":"http:\/\/www.kunstgalerie-barbara.de\/blog\/wp-json\/wp\/v2\/media?parent=18831"}],"wp:term":[{"taxonomy":"category","embeddable":true,"href":"http:\/\/www.kunstgalerie-barbara.de\/blog\/wp-json\/wp\/v2\/categories?post=18831"},{"taxonomy":"post_tag","embeddable":true,"href":"http:\/\/www.kunstgalerie-barbara.de\/blog\/wp-json\/wp\/v2\/tags?post=18831"}],"curies":[{"name":"wp","href":"https:\/\/api.w.org\/{rel}","templated":true}]}}