{"id":18843,"date":"2017-05-10T10:31:38","date_gmt":"2017-05-10T08:31:38","guid":{"rendered":"http:\/\/www.kunstgalerie-barbara.de\/blog\/?p=18843"},"modified":"2017-05-13T16:19:22","modified_gmt":"2017-05-13T14:19:22","slug":"unsere-voegen-brauchen-weder-roundups-noch-andere-insektizide-sie-benoetigen-zum-ueberleben-lebende-insekten-denn-sie-sind-keine-aasfresser","status":"publish","type":"post","link":"http:\/\/www.kunstgalerie-barbara.de\/blog\/2017\/05\/unsere-voegen-brauchen-weder-roundups-noch-andere-insektizide-sie-benoetigen-zum-ueberleben-lebende-insekten-denn-sie-sind-keine-aasfresser\/","title":{"rendered":"Unsere V\u00f6gel brauchen keine Insektizide, sie ben\u00f6tigen zum \u00dcberleben lebende Insekten, denn sie sind keine Aasfresser&#8230;."},"content":{"rendered":"<p><a href=\"http:\/\/www.kunstgalerie-barbara.de\/blog\/wp-content\/uploads\/2017\/05\/P1060410-Kopie-1.jpg\"><img loading=\"lazy\" decoding=\"async\" class=\"aligncenter wp-image-18859 size-full\" src=\"http:\/\/www.kunstgalerie-barbara.de\/blog\/wp-content\/uploads\/2017\/05\/P1060410-Kopie-1.jpg\" alt=\"\" width=\"423\" height=\"578\" srcset=\"http:\/\/www.kunstgalerie-barbara.de\/blog\/wp-content\/uploads\/2017\/05\/P1060410-Kopie-1.jpg 423w, http:\/\/www.kunstgalerie-barbara.de\/blog\/wp-content\/uploads\/2017\/05\/P1060410-Kopie-1-220x300.jpg 220w\" sizes=\"(max-width: 423px) 100vw, 423px\" \/><\/a><\/p>\n","protected":false},"excerpt":{"rendered":"","protected":false},"author":1,"featured_media":0,"comment_status":"open","ping_status":"open","sticky":false,"template":"","format":"standard","meta":{"footnotes":""},"categories":[70,71,51,64],"tags":[],"jetpack_featured_media_url":"","_links":{"self":[{"href":"http:\/\/www.kunstgalerie-barbara.de\/blog\/wp-json\/wp\/v2\/posts\/18843"}],"collection":[{"href":"http:\/\/www.kunstgalerie-barbara.de\/blog\/wp-json\/wp\/v2\/posts"}],"about":[{"href":"http:\/\/www.kunstgalerie-barbara.de\/blog\/wp-json\/wp\/v2\/types\/post"}],"author":[{"embeddable":true,"href":"http:\/\/www.kunstgalerie-barbara.de\/blog\/wp-json\/wp\/v2\/users\/1"}],"replies":[{"embeddable":true,"href":"http:\/\/www.kunstgalerie-barbara.de\/blog\/wp-json\/wp\/v2\/comments?post=18843"}],"version-history":[{"count":5,"href":"http:\/\/www.kunstgalerie-barbara.de\/blog\/wp-json\/wp\/v2\/posts\/18843\/revisions"}],"predecessor-version":[{"id":18861,"href":"http:\/\/www.kunstgalerie-barbara.de\/blog\/wp-json\/wp\/v2\/posts\/18843\/revisions\/18861"}],"wp:attachment":[{"href":"http:\/\/www.kunstgalerie-barbara.de\/blog\/wp-json\/wp\/v2\/media?parent=18843"}],"wp:term":[{"taxonomy":"category","embeddable":true,"href":"http:\/\/www.kunstgalerie-barbara.de\/blog\/wp-json\/wp\/v2\/categories?post=18843"},{"taxonomy":"post_tag","embeddable":true,"href":"http:\/\/www.kunstgalerie-barbara.de\/blog\/wp-json\/wp\/v2\/tags?post=18843"}],"curies":[{"name":"wp","href":"https:\/\/api.w.org\/{rel}","templated":true}]}}