{"id":18862,"date":"2017-05-17T11:03:16","date_gmt":"2017-05-17T09:03:16","guid":{"rendered":"http:\/\/www.kunstgalerie-barbara.de\/blog\/?p=18862"},"modified":"2024-04-22T08:52:36","modified_gmt":"2024-04-22T06:52:36","slug":"ein-hummelnest-oder-bau-mitten-zwischen-geisblattranken","status":"publish","type":"post","link":"http:\/\/www.kunstgalerie-barbara.de\/blog\/2017\/05\/ein-hummelnest-oder-bau-mitten-zwischen-geisblattranken\/","title":{"rendered":"Ein Erd-Hummelnest mitten zwischen  Geisblattranken"},"content":{"rendered":"<p>&nbsp;<\/p>\n<p><a href=\"http:\/\/www.kunstgalerie-barbara.de\/blog\/wp-content\/uploads\/2017\/05\/Header_2_augen.jpg\"><img loading=\"lazy\" decoding=\"async\" class=\"aligncenter wp-image-18867 size-full\" src=\"http:\/\/www.kunstgalerie-barbara.de\/blog\/wp-content\/uploads\/2017\/05\/Header_2_augen.jpg\" alt=\"\" width=\"450\" height=\"300\" srcset=\"http:\/\/www.kunstgalerie-barbara.de\/blog\/wp-content\/uploads\/2017\/05\/Header_2_augen.jpg 450w, http:\/\/www.kunstgalerie-barbara.de\/blog\/wp-content\/uploads\/2017\/05\/Header_2_augen-300x200.jpg 300w\" sizes=\"(max-width: 450px) 100vw, 450px\" \/><\/a><\/p>\n<p>Auch Geisblatt mu\u00df regelm\u00e4\u00dfig gestutzt werden und dabei flogen\u00a0 Hummeln aufgeregt um mich herum, so lange, bis ich pl\u00f6tzlich ein nest\u00e4hnliches Gebilde inmitten der Ranken entdeckte! Ich vermutete zun\u00e4chst ein Vogelnest, schien es aber nicht zu sein, denn die Hummeln flogen um es herum und krabbelten auch in die kaum erkennbare \u00d6ffnung hinein. Ich lie\u00df das Beschneiden in der N\u00e4he des Nestes sein, denn Hummeln im Garten sind was Feines und wenn sich das Nest auch in unmittelbarer N\u00e4he meines Gartenstuhls und damit meines Kopfes befindet. Schaun wir mal, wie wir uns vertragen, die Hummeln und ich. Nat\u00fcrlich w\u00e4re es mir lieber gewesen, sie h\u00e4tten ihr Nest vom letzten Jahr am Dachgiebel behalten, aber was soll&#8217;s,. Ich werde mich mit ihnen schon arangieren und sie hoffentlich auch mit mir! Im \u00fcbrigen sollte es f\u00fcr jeden Gartenbesitzer eine Ehre sein, wenn Hummel in ihrem Garten nisten, dann mu\u00df er einiges richtig gemacht haben.<\/p>\n","protected":false},"excerpt":{"rendered":"<p>&nbsp; Auch Geisblatt mu\u00df regelm\u00e4\u00dfig gestutzt werden und dabei flogen\u00a0 Hummeln aufgeregt um mich herum, so lange, bis ich pl\u00f6tzlich ein nest\u00e4hnliches Gebilde inmitten der Ranken entdeckte! Ich vermutete zun\u00e4chst ein Vogelnest, schien es aber nicht zu sein, denn die Hummeln flogen um es herum und krabbelten auch in die kaum erkennbare \u00d6ffnung hinein. Ich lie\u00df das Beschneiden in der N\u00e4he des Nestes sein, denn Hummeln im Garten sind was Feines und wenn sich das Nest auch in unmittelbarer N\u00e4he meines Gartenstuhls und damit meines Kopfes befindet. Schaun wir mal, wie wir uns vertragen, die Hummeln und ich. Nat\u00fcrlich w\u00e4re es mir lieber gewesen, sie h\u00e4tten ihr Nest vom letzten Jahr am Dachgiebel behalten, aber was soll&#8217;s,. Ich werde mich mit ihnen schon arangieren und sie hoffentlich auch mit mir! Im \u00fcbrigen sollte es f\u00fcr jeden Gartenbesitzer eine Ehre sein, wenn Hummel in ihrem Garten nisten, dann mu\u00df er einiges richtig gemacht haben.<\/p>\n","protected":false},"author":1,"featured_media":0,"comment_status":"open","ping_status":"open","sticky":false,"template":"","format":"standard","meta":{"footnotes":""},"categories":[26,67,71,51],"tags":[],"jetpack_featured_media_url":"","_links":{"self":[{"href":"http:\/\/www.kunstgalerie-barbara.de\/blog\/wp-json\/wp\/v2\/posts\/18862"}],"collection":[{"href":"http:\/\/www.kunstgalerie-barbara.de\/blog\/wp-json\/wp\/v2\/posts"}],"about":[{"href":"http:\/\/www.kunstgalerie-barbara.de\/blog\/wp-json\/wp\/v2\/types\/post"}],"author":[{"embeddable":true,"href":"http:\/\/www.kunstgalerie-barbara.de\/blog\/wp-json\/wp\/v2\/users\/1"}],"replies":[{"embeddable":true,"href":"http:\/\/www.kunstgalerie-barbara.de\/blog\/wp-json\/wp\/v2\/comments?post=18862"}],"version-history":[{"count":7,"href":"http:\/\/www.kunstgalerie-barbara.de\/blog\/wp-json\/wp\/v2\/posts\/18862\/revisions"}],"predecessor-version":[{"id":23931,"href":"http:\/\/www.kunstgalerie-barbara.de\/blog\/wp-json\/wp\/v2\/posts\/18862\/revisions\/23931"}],"wp:attachment":[{"href":"http:\/\/www.kunstgalerie-barbara.de\/blog\/wp-json\/wp\/v2\/media?parent=18862"}],"wp:term":[{"taxonomy":"category","embeddable":true,"href":"http:\/\/www.kunstgalerie-barbara.de\/blog\/wp-json\/wp\/v2\/categories?post=18862"},{"taxonomy":"post_tag","embeddable":true,"href":"http:\/\/www.kunstgalerie-barbara.de\/blog\/wp-json\/wp\/v2\/tags?post=18862"}],"curies":[{"name":"wp","href":"https:\/\/api.w.org\/{rel}","templated":true}]}}