{"id":18906,"date":"2017-06-01T10:36:31","date_gmt":"2017-06-01T08:36:31","guid":{"rendered":"http:\/\/www.kunstgalerie-barbara.de\/blog\/?p=18906"},"modified":"2017-06-01T10:38:52","modified_gmt":"2017-06-01T08:38:52","slug":"das-problem-sind-nicht-unfaehige-politiker-sondern-schecht-informierte-und-oder-desinteressierte-menschen-die-dafuer-sorgen-dass-diese-politiker-gewaehlt-werden-und-macht-ausueben-duerfen","status":"publish","type":"post","link":"http:\/\/www.kunstgalerie-barbara.de\/blog\/2017\/06\/das-problem-sind-nicht-unfaehige-politiker-sondern-schecht-informierte-und-oder-desinteressierte-menschen-die-dafuer-sorgen-dass-diese-politiker-gewaehlt-werden-und-macht-ausueben-duerfen\/","title":{"rendered":"Das Problem sind nicht in erster Linie unf\u00e4hige Politiker, sondern schecht informierte und desinteressierte Menschen, die daf\u00fcr sorgen, da\u00df diese Politiker gew\u00e4hlt werden und Macht aus\u00fcben d\u00fcrfen!"},"content":{"rendered":"","protected":false},"excerpt":{"rendered":"","protected":false},"author":1,"featured_media":0,"comment_status":"open","ping_status":"open","sticky":false,"template":"","format":"standard","meta":{"footnotes":""},"categories":[3,42,19,40,51],"tags":[],"jetpack_featured_media_url":"","_links":{"self":[{"href":"http:\/\/www.kunstgalerie-barbara.de\/blog\/wp-json\/wp\/v2\/posts\/18906"}],"collection":[{"href":"http:\/\/www.kunstgalerie-barbara.de\/blog\/wp-json\/wp\/v2\/posts"}],"about":[{"href":"http:\/\/www.kunstgalerie-barbara.de\/blog\/wp-json\/wp\/v2\/types\/post"}],"author":[{"embeddable":true,"href":"http:\/\/www.kunstgalerie-barbara.de\/blog\/wp-json\/wp\/v2\/users\/1"}],"replies":[{"embeddable":true,"href":"http:\/\/www.kunstgalerie-barbara.de\/blog\/wp-json\/wp\/v2\/comments?post=18906"}],"version-history":[{"count":3,"href":"http:\/\/www.kunstgalerie-barbara.de\/blog\/wp-json\/wp\/v2\/posts\/18906\/revisions"}],"predecessor-version":[{"id":18911,"href":"http:\/\/www.kunstgalerie-barbara.de\/blog\/wp-json\/wp\/v2\/posts\/18906\/revisions\/18911"}],"wp:attachment":[{"href":"http:\/\/www.kunstgalerie-barbara.de\/blog\/wp-json\/wp\/v2\/media?parent=18906"}],"wp:term":[{"taxonomy":"category","embeddable":true,"href":"http:\/\/www.kunstgalerie-barbara.de\/blog\/wp-json\/wp\/v2\/categories?post=18906"},{"taxonomy":"post_tag","embeddable":true,"href":"http:\/\/www.kunstgalerie-barbara.de\/blog\/wp-json\/wp\/v2\/tags?post=18906"}],"curies":[{"name":"wp","href":"https:\/\/api.w.org\/{rel}","templated":true}]}}