{"id":18912,"date":"2017-06-01T17:20:07","date_gmt":"2017-06-01T15:20:07","guid":{"rendered":"http:\/\/www.kunstgalerie-barbara.de\/blog\/?p=18912"},"modified":"2017-06-01T17:20:07","modified_gmt":"2017-06-01T15:20:07","slug":"ein-specht-bei-der-arbeit","status":"publish","type":"post","link":"http:\/\/www.kunstgalerie-barbara.de\/blog\/2017\/06\/ein-specht-bei-der-arbeit\/","title":{"rendered":"Ein Specht bei der Arbeit&#8230;."},"content":{"rendered":"<p><a href=\"http:\/\/www.kunstgalerie-barbara.de\/blog\/wp-content\/uploads\/2017\/06\/P1220223.jpg\"><img loading=\"lazy\" decoding=\"async\" class=\"aligncenter size-medium wp-image-18913\" src=\"http:\/\/www.kunstgalerie-barbara.de\/blog\/wp-content\/uploads\/2017\/06\/P1220223-156x300.jpg\" alt=\"\" width=\"156\" height=\"300\" srcset=\"http:\/\/www.kunstgalerie-barbara.de\/blog\/wp-content\/uploads\/2017\/06\/P1220223-156x300.jpg 156w, http:\/\/www.kunstgalerie-barbara.de\/blog\/wp-content\/uploads\/2017\/06\/P1220223.jpg 350w\" sizes=\"(max-width: 156px) 100vw, 156px\" \/><\/a><br \/>\nZum Gl\u00fcck noch kein seltener Anblick, nur \u00e4u\u00dferst schwer abzulichten, weil der Kamerad sich ungeheuer schnell bewegt&#8230;<\/p>\n","protected":false},"excerpt":{"rendered":"<p>Zum Gl\u00fcck noch kein seltener Anblick, nur \u00e4u\u00dferst schwer abzulichten, weil der Kamerad sich ungeheuer schnell bewegt&#8230;<\/p>\n","protected":false},"author":1,"featured_media":0,"comment_status":"open","ping_status":"open","sticky":false,"template":"","format":"standard","meta":{"footnotes":""},"categories":[70,73,67,71,51],"tags":[],"jetpack_featured_media_url":"","_links":{"self":[{"href":"http:\/\/www.kunstgalerie-barbara.de\/blog\/wp-json\/wp\/v2\/posts\/18912"}],"collection":[{"href":"http:\/\/www.kunstgalerie-barbara.de\/blog\/wp-json\/wp\/v2\/posts"}],"about":[{"href":"http:\/\/www.kunstgalerie-barbara.de\/blog\/wp-json\/wp\/v2\/types\/post"}],"author":[{"embeddable":true,"href":"http:\/\/www.kunstgalerie-barbara.de\/blog\/wp-json\/wp\/v2\/users\/1"}],"replies":[{"embeddable":true,"href":"http:\/\/www.kunstgalerie-barbara.de\/blog\/wp-json\/wp\/v2\/comments?post=18912"}],"version-history":[{"count":1,"href":"http:\/\/www.kunstgalerie-barbara.de\/blog\/wp-json\/wp\/v2\/posts\/18912\/revisions"}],"predecessor-version":[{"id":18914,"href":"http:\/\/www.kunstgalerie-barbara.de\/blog\/wp-json\/wp\/v2\/posts\/18912\/revisions\/18914"}],"wp:attachment":[{"href":"http:\/\/www.kunstgalerie-barbara.de\/blog\/wp-json\/wp\/v2\/media?parent=18912"}],"wp:term":[{"taxonomy":"category","embeddable":true,"href":"http:\/\/www.kunstgalerie-barbara.de\/blog\/wp-json\/wp\/v2\/categories?post=18912"},{"taxonomy":"post_tag","embeddable":true,"href":"http:\/\/www.kunstgalerie-barbara.de\/blog\/wp-json\/wp\/v2\/tags?post=18912"}],"curies":[{"name":"wp","href":"https:\/\/api.w.org\/{rel}","templated":true}]}}