{"id":18915,"date":"2017-06-02T08:47:08","date_gmt":"2017-06-02T06:47:08","guid":{"rendered":"http:\/\/www.kunstgalerie-barbara.de\/blog\/?p=18915"},"modified":"2017-06-02T08:47:08","modified_gmt":"2017-06-02T06:47:08","slug":"wer-glaubt-sich-einfach-aus-den-umwelt-problemen-ausklinken-zu-koennen-gleichgueltig-welche-tatsaechlichen-gruende-fuer-den-klimawandel-verantwortlich-sind-fuer-den-wird-der-schuss-gewaltig-nach-hi","status":"publish","type":"post","link":"http:\/\/www.kunstgalerie-barbara.de\/blog\/2017\/06\/wer-glaubt-sich-einfach-aus-den-umwelt-problemen-ausklinken-zu-koennen-gleichgueltig-welche-tatsaechlichen-gruende-fuer-den-klimawandel-verantwortlich-sind-fuer-den-wird-der-schuss-gewaltig-nach-hi\/","title":{"rendered":"Wer glaubt, sich einfach aus den Umwelt-Problemen ausklinken zu k\u00f6nnen, gleichg\u00fcltig welche tats\u00e4chlichen Gr\u00fcnde f\u00fcr den Klimawandel verantwortlich sind, f\u00fcr den wird der Schu\u00df gewaltig nach hinten losgehen&#8230;"},"content":{"rendered":"","protected":false},"excerpt":{"rendered":"","protected":false},"author":1,"featured_media":0,"comment_status":"open","ping_status":"open","sticky":false,"template":"","format":"standard","meta":{"footnotes":""},"categories":[3,42,67,40,51,64],"tags":[],"jetpack_featured_media_url":"","_links":{"self":[{"href":"http:\/\/www.kunstgalerie-barbara.de\/blog\/wp-json\/wp\/v2\/posts\/18915"}],"collection":[{"href":"http:\/\/www.kunstgalerie-barbara.de\/blog\/wp-json\/wp\/v2\/posts"}],"about":[{"href":"http:\/\/www.kunstgalerie-barbara.de\/blog\/wp-json\/wp\/v2\/types\/post"}],"author":[{"embeddable":true,"href":"http:\/\/www.kunstgalerie-barbara.de\/blog\/wp-json\/wp\/v2\/users\/1"}],"replies":[{"embeddable":true,"href":"http:\/\/www.kunstgalerie-barbara.de\/blog\/wp-json\/wp\/v2\/comments?post=18915"}],"version-history":[{"count":1,"href":"http:\/\/www.kunstgalerie-barbara.de\/blog\/wp-json\/wp\/v2\/posts\/18915\/revisions"}],"predecessor-version":[{"id":18916,"href":"http:\/\/www.kunstgalerie-barbara.de\/blog\/wp-json\/wp\/v2\/posts\/18915\/revisions\/18916"}],"wp:attachment":[{"href":"http:\/\/www.kunstgalerie-barbara.de\/blog\/wp-json\/wp\/v2\/media?parent=18915"}],"wp:term":[{"taxonomy":"category","embeddable":true,"href":"http:\/\/www.kunstgalerie-barbara.de\/blog\/wp-json\/wp\/v2\/categories?post=18915"},{"taxonomy":"post_tag","embeddable":true,"href":"http:\/\/www.kunstgalerie-barbara.de\/blog\/wp-json\/wp\/v2\/tags?post=18915"}],"curies":[{"name":"wp","href":"https:\/\/api.w.org\/{rel}","templated":true}]}}