{"id":18920,"date":"2017-06-06T15:25:56","date_gmt":"2017-06-06T13:25:56","guid":{"rendered":"http:\/\/www.kunstgalerie-barbara.de\/blog\/?p=18920"},"modified":"2017-06-06T15:25:56","modified_gmt":"2017-06-06T13:25:56","slug":"was-ist-mit-unserer-polizei-los-wenn-sie-aus-frust-fahrradfahrern-nachstellt-die-bei-fast-gruen-ueber-eine-ampel-fahren-ein-oder-zwei-sekunden-datenabgleich-machen-und-leibesvisitation-wenn-der","status":"publish","type":"post","link":"http:\/\/www.kunstgalerie-barbara.de\/blog\/2017\/06\/was-ist-mit-unserer-polizei-los-wenn-sie-aus-frust-fahrradfahrern-nachstellt-die-bei-fast-gruen-ueber-eine-ampel-fahren-ein-oder-zwei-sekunden-datenabgleich-machen-und-leibesvisitation-wenn-der\/","title":{"rendered":"Was ist mit unserer Polizei los, wenn sie aus Frust Fahrradfahrern nachstellt, die bei fast gr\u00fcn \u00fcber eine Ampel fahren. (ein oder zwei Sekunden) Datenabgleich machen und Leibesvisitation, wenn der Fahrradfahrer kein Ausweis dabei hatte. Zu guterletzt das Fahrrad auf den Kopf stellen und nur nach Aufforderung das Rad wieder zur\u00fcck drehen. Sich entt\u00e4scht zeigen, wenn der Datenabgleich negativ war. Bezahlen wir unsere Polizei f\u00fcr dergleichen?"},"content":{"rendered":"","protected":false},"excerpt":{"rendered":"","protected":false},"author":1,"featured_media":0,"comment_status":"open","ping_status":"open","sticky":false,"template":"","format":"standard","meta":{"footnotes":""},"categories":[70,42,55,51],"tags":[],"jetpack_featured_media_url":"","_links":{"self":[{"href":"http:\/\/www.kunstgalerie-barbara.de\/blog\/wp-json\/wp\/v2\/posts\/18920"}],"collection":[{"href":"http:\/\/www.kunstgalerie-barbara.de\/blog\/wp-json\/wp\/v2\/posts"}],"about":[{"href":"http:\/\/www.kunstgalerie-barbara.de\/blog\/wp-json\/wp\/v2\/types\/post"}],"author":[{"embeddable":true,"href":"http:\/\/www.kunstgalerie-barbara.de\/blog\/wp-json\/wp\/v2\/users\/1"}],"replies":[{"embeddable":true,"href":"http:\/\/www.kunstgalerie-barbara.de\/blog\/wp-json\/wp\/v2\/comments?post=18920"}],"version-history":[{"count":1,"href":"http:\/\/www.kunstgalerie-barbara.de\/blog\/wp-json\/wp\/v2\/posts\/18920\/revisions"}],"predecessor-version":[{"id":18921,"href":"http:\/\/www.kunstgalerie-barbara.de\/blog\/wp-json\/wp\/v2\/posts\/18920\/revisions\/18921"}],"wp:attachment":[{"href":"http:\/\/www.kunstgalerie-barbara.de\/blog\/wp-json\/wp\/v2\/media?parent=18920"}],"wp:term":[{"taxonomy":"category","embeddable":true,"href":"http:\/\/www.kunstgalerie-barbara.de\/blog\/wp-json\/wp\/v2\/categories?post=18920"},{"taxonomy":"post_tag","embeddable":true,"href":"http:\/\/www.kunstgalerie-barbara.de\/blog\/wp-json\/wp\/v2\/tags?post=18920"}],"curies":[{"name":"wp","href":"https:\/\/api.w.org\/{rel}","templated":true}]}}