{"id":18945,"date":"2017-06-22T14:23:58","date_gmt":"2017-06-22T12:23:58","guid":{"rendered":"http:\/\/www.kunstgalerie-barbara.de\/blog\/?p=18945"},"modified":"2017-06-23T08:36:35","modified_gmt":"2017-06-23T06:36:35","slug":"in-solch-einer-dose-werden-fertigmahlzeiten-verkauft-und-sie-ist-aus-plastik-koennte-aber-auch-anders-sein-und-das-hab-ich-etwa-vor-zwanzig-jahren-an-den-hamburger-landungsbruecken-erlebt-dort-wunde","status":"publish","type":"post","link":"http:\/\/www.kunstgalerie-barbara.de\/blog\/2017\/06\/in-solch-einer-dose-werden-fertigmahlzeiten-verkauft-und-sie-ist-aus-plastik-koennte-aber-auch-anders-sein-und-das-hab-ich-etwa-vor-zwanzig-jahren-an-den-hamburger-landungsbruecken-erlebt-dort-wunde\/","title":{"rendered":"In solch einem Beh\u00e4lter werden Fertigmahlzeiten verkauft und sie ist aus Plastik, k\u00f6nnte aber auch anders sein und das hab ich etwa vor zwanzig Jahren an den Hamburger Landungsbr\u00fccken erlebt. Dort wurde uns Backfisch in \u00e4hnlichen Beh\u00e4ltern verkauft und die waren zum Aufessen, denn sie bestanden aus Reisst\u00e4rke O Wunder. Wohin hat sich der Fortschritt in Sachen \u00d6kologie, in den zwanzig Jahren verkr\u00fcmelt."},"content":{"rendered":"<p><a href=\"http:\/\/www.kunstgalerie-barbara.de\/blog\/wp-content\/uploads\/2017\/06\/Plastikdose-Kopie.jpg\"><img loading=\"lazy\" decoding=\"async\" class=\"aligncenter wp-image-18946 size-full\" src=\"http:\/\/www.kunstgalerie-barbara.de\/blog\/wp-content\/uploads\/2017\/06\/Plastikdose-Kopie.jpg\" alt=\"\" width=\"450\" height=\"600\" srcset=\"http:\/\/www.kunstgalerie-barbara.de\/blog\/wp-content\/uploads\/2017\/06\/Plastikdose-Kopie.jpg 450w, http:\/\/www.kunstgalerie-barbara.de\/blog\/wp-content\/uploads\/2017\/06\/Plastikdose-Kopie-225x300.jpg 225w\" sizes=\"(max-width: 450px) 100vw, 450px\" \/><\/a><\/p>\n","protected":false},"excerpt":{"rendered":"","protected":false},"author":1,"featured_media":0,"comment_status":"open","ping_status":"open","sticky":false,"template":"","format":"standard","meta":{"footnotes":""},"categories":[74,42,75,51,64],"tags":[],"jetpack_featured_media_url":"","_links":{"self":[{"href":"http:\/\/www.kunstgalerie-barbara.de\/blog\/wp-json\/wp\/v2\/posts\/18945"}],"collection":[{"href":"http:\/\/www.kunstgalerie-barbara.de\/blog\/wp-json\/wp\/v2\/posts"}],"about":[{"href":"http:\/\/www.kunstgalerie-barbara.de\/blog\/wp-json\/wp\/v2\/types\/post"}],"author":[{"embeddable":true,"href":"http:\/\/www.kunstgalerie-barbara.de\/blog\/wp-json\/wp\/v2\/users\/1"}],"replies":[{"embeddable":true,"href":"http:\/\/www.kunstgalerie-barbara.de\/blog\/wp-json\/wp\/v2\/comments?post=18945"}],"version-history":[{"count":4,"href":"http:\/\/www.kunstgalerie-barbara.de\/blog\/wp-json\/wp\/v2\/posts\/18945\/revisions"}],"predecessor-version":[{"id":18950,"href":"http:\/\/www.kunstgalerie-barbara.de\/blog\/wp-json\/wp\/v2\/posts\/18945\/revisions\/18950"}],"wp:attachment":[{"href":"http:\/\/www.kunstgalerie-barbara.de\/blog\/wp-json\/wp\/v2\/media?parent=18945"}],"wp:term":[{"taxonomy":"category","embeddable":true,"href":"http:\/\/www.kunstgalerie-barbara.de\/blog\/wp-json\/wp\/v2\/categories?post=18945"},{"taxonomy":"post_tag","embeddable":true,"href":"http:\/\/www.kunstgalerie-barbara.de\/blog\/wp-json\/wp\/v2\/tags?post=18945"}],"curies":[{"name":"wp","href":"https:\/\/api.w.org\/{rel}","templated":true}]}}