{"id":19070,"date":"2017-08-11T12:39:40","date_gmt":"2017-08-11T10:39:40","guid":{"rendered":"http:\/\/www.kunstgalerie-barbara.de\/blog\/?p=19070"},"modified":"2017-08-12T05:58:41","modified_gmt":"2017-08-12T03:58:41","slug":"ungehorsames-kalb-auf-abwegen-dass-frisst-was-es-will-hoffentlich-bekommt-es-ihm","status":"publish","type":"post","link":"http:\/\/www.kunstgalerie-barbara.de\/blog\/2017\/08\/ungehorsames-kalb-auf-abwegen-dass-frisst-was-es-will-hoffentlich-bekommt-es-ihm\/","title":{"rendered":"Kalb auf Abwegen, aber ich nehme mal an, es wei\u00df was es tut und die Kr\u00e4uter sind ihm bekommen. Sind auf jeden Fall besser als so vieles andere, was Rinder fressen m\u00fcssen&#8230;"},"content":{"rendered":"<p><a href=\"http:\/\/www.kunstgalerie-barbara.de\/blog\/wp-content\/uploads\/2017\/08\/P1260180.jpg\"><img loading=\"lazy\" decoding=\"async\" class=\"aligncenter  wp-image-19072\" src=\"http:\/\/www.kunstgalerie-barbara.de\/blog\/wp-content\/uploads\/2017\/08\/P1260180-300x200.jpg\" alt=\"\" width=\"454\" height=\"302\" srcset=\"http:\/\/www.kunstgalerie-barbara.de\/blog\/wp-content\/uploads\/2017\/08\/P1260180-300x200.jpg 300w, http:\/\/www.kunstgalerie-barbara.de\/blog\/wp-content\/uploads\/2017\/08\/P1260180-768x512.jpg 768w, http:\/\/www.kunstgalerie-barbara.de\/blog\/wp-content\/uploads\/2017\/08\/P1260180-1024x683.jpg 1024w\" sizes=\"(max-width: 454px) 100vw, 454px\" \/><\/a><\/p>\n","protected":false},"excerpt":{"rendered":"","protected":false},"author":1,"featured_media":0,"comment_status":"open","ping_status":"open","sticky":false,"template":"","format":"standard","meta":{"footnotes":""},"categories":[70,73,19,71,51],"tags":[],"jetpack_featured_media_url":"","_links":{"self":[{"href":"http:\/\/www.kunstgalerie-barbara.de\/blog\/wp-json\/wp\/v2\/posts\/19070"}],"collection":[{"href":"http:\/\/www.kunstgalerie-barbara.de\/blog\/wp-json\/wp\/v2\/posts"}],"about":[{"href":"http:\/\/www.kunstgalerie-barbara.de\/blog\/wp-json\/wp\/v2\/types\/post"}],"author":[{"embeddable":true,"href":"http:\/\/www.kunstgalerie-barbara.de\/blog\/wp-json\/wp\/v2\/users\/1"}],"replies":[{"embeddable":true,"href":"http:\/\/www.kunstgalerie-barbara.de\/blog\/wp-json\/wp\/v2\/comments?post=19070"}],"version-history":[{"count":2,"href":"http:\/\/www.kunstgalerie-barbara.de\/blog\/wp-json\/wp\/v2\/posts\/19070\/revisions"}],"predecessor-version":[{"id":19074,"href":"http:\/\/www.kunstgalerie-barbara.de\/blog\/wp-json\/wp\/v2\/posts\/19070\/revisions\/19074"}],"wp:attachment":[{"href":"http:\/\/www.kunstgalerie-barbara.de\/blog\/wp-json\/wp\/v2\/media?parent=19070"}],"wp:term":[{"taxonomy":"category","embeddable":true,"href":"http:\/\/www.kunstgalerie-barbara.de\/blog\/wp-json\/wp\/v2\/categories?post=19070"},{"taxonomy":"post_tag","embeddable":true,"href":"http:\/\/www.kunstgalerie-barbara.de\/blog\/wp-json\/wp\/v2\/tags?post=19070"}],"curies":[{"name":"wp","href":"https:\/\/api.w.org\/{rel}","templated":true}]}}