{"id":19079,"date":"2022-07-24T07:00:07","date_gmt":"2022-07-24T05:00:07","guid":{"rendered":"http:\/\/www.kunstgalerie-barbara.de\/blog\/?p=19079"},"modified":"2022-07-24T07:15:08","modified_gmt":"2022-07-24T05:15:08","slug":"gaerten-muessen-nicht-gross-sondern-geschickt-gestaltet-sein","status":"publish","type":"post","link":"http:\/\/www.kunstgalerie-barbara.de\/blog\/2022\/07\/gaerten-muessen-nicht-gross-sondern-geschickt-gestaltet-sein\/","title":{"rendered":"G\u00e4rten m\u00fcssen nicht gro\u00df, sondern geschickt gestaltet sein&#8230;"},"content":{"rendered":"<p><iframe loading=\"lazy\" title=\"Gartenimpressionen\" width=\"960\" height=\"540\" src=\"https:\/\/www.youtube.com\/embed\/CdP4RjMh1nY?feature=oembed\" frameborder=\"0\" allow=\"accelerometer; autoplay; clipboard-write; encrypted-media; gyroscope; picture-in-picture\" allowfullscreen><\/iframe><\/p>\n","protected":false},"excerpt":{"rendered":"","protected":false},"author":1,"featured_media":19081,"comment_status":"open","ping_status":"open","sticky":false,"template":"","format":"standard","meta":{"footnotes":""},"categories":[70,73,26,19],"tags":[],"jetpack_featured_media_url":"http:\/\/www.kunstgalerie-barbara.de\/blog\/wp-content\/uploads\/2017\/08\/gaerten-muessen-nicht-gross-sond.jpg","_links":{"self":[{"href":"http:\/\/www.kunstgalerie-barbara.de\/blog\/wp-json\/wp\/v2\/posts\/19079"}],"collection":[{"href":"http:\/\/www.kunstgalerie-barbara.de\/blog\/wp-json\/wp\/v2\/posts"}],"about":[{"href":"http:\/\/www.kunstgalerie-barbara.de\/blog\/wp-json\/wp\/v2\/types\/post"}],"author":[{"embeddable":true,"href":"http:\/\/www.kunstgalerie-barbara.de\/blog\/wp-json\/wp\/v2\/users\/1"}],"replies":[{"embeddable":true,"href":"http:\/\/www.kunstgalerie-barbara.de\/blog\/wp-json\/wp\/v2\/comments?post=19079"}],"version-history":[{"count":1,"href":"http:\/\/www.kunstgalerie-barbara.de\/blog\/wp-json\/wp\/v2\/posts\/19079\/revisions"}],"predecessor-version":[{"id":19080,"href":"http:\/\/www.kunstgalerie-barbara.de\/blog\/wp-json\/wp\/v2\/posts\/19079\/revisions\/19080"}],"wp:featuredmedia":[{"embeddable":true,"href":"http:\/\/www.kunstgalerie-barbara.de\/blog\/wp-json\/wp\/v2\/media\/19081"}],"wp:attachment":[{"href":"http:\/\/www.kunstgalerie-barbara.de\/blog\/wp-json\/wp\/v2\/media?parent=19079"}],"wp:term":[{"taxonomy":"category","embeddable":true,"href":"http:\/\/www.kunstgalerie-barbara.de\/blog\/wp-json\/wp\/v2\/categories?post=19079"},{"taxonomy":"post_tag","embeddable":true,"href":"http:\/\/www.kunstgalerie-barbara.de\/blog\/wp-json\/wp\/v2\/tags?post=19079"}],"curies":[{"name":"wp","href":"https:\/\/api.w.org\/{rel}","templated":true}]}}