{"id":19276,"date":"2017-10-05T08:04:38","date_gmt":"2017-10-05T06:04:38","guid":{"rendered":"http:\/\/www.kunstgalerie-barbara.de\/blog\/?p=19276"},"modified":"2017-10-05T08:04:38","modified_gmt":"2017-10-05T06:04:38","slug":"der-cop-hat-empoerung-fuer-mich-die-ihn-ablichtet-aber-nicht-fuer-die-die-nur-augen-fuer-ihr-smartphone-haben-waehrend-sie-die-kreuzung-ueberqueren-und-so-was-soll-man-nun-ernst-nehmen-und-respekt","status":"publish","type":"post","link":"http:\/\/www.kunstgalerie-barbara.de\/blog\/2017\/10\/der-cop-hat-empoerung-fuer-mich-die-ihn-ablichtet-aber-nicht-fuer-die-die-nur-augen-fuer-ihr-smartphone-haben-waehrend-sie-die-kreuzung-ueberqueren-und-so-was-soll-man-nun-ernst-nehmen-und-respekt\/","title":{"rendered":"Der Cop hat Emp\u00f6rung f\u00fcr mich, die ihn ablichtet aber nicht f\u00fcr die, die nur Augen f\u00fcr ihr Smartphone haben, w\u00e4hrend sie die Kreuzung \u00fcberqueren! Und so was soll man nun ernst nehmen und respektieren&#8230;"},"content":{"rendered":"<p><a href=\"http:\/\/www.kunstgalerie-barbara.de\/blog\/wp-content\/uploads\/2017\/10\/P1280629.jpg\"><img loading=\"lazy\" decoding=\"async\" class=\"aligncenter  wp-image-19277\" src=\"http:\/\/www.kunstgalerie-barbara.de\/blog\/wp-content\/uploads\/2017\/10\/P1280629-201x300.jpg\" alt=\"\" width=\"377\" height=\"563\" srcset=\"http:\/\/www.kunstgalerie-barbara.de\/blog\/wp-content\/uploads\/2017\/10\/P1280629-201x300.jpg 201w, http:\/\/www.kunstgalerie-barbara.de\/blog\/wp-content\/uploads\/2017\/10\/P1280629-768x1145.jpg 768w, http:\/\/www.kunstgalerie-barbara.de\/blog\/wp-content\/uploads\/2017\/10\/P1280629-687x1024.jpg 687w\" sizes=\"(max-width: 377px) 100vw, 377px\" \/><\/a><\/p>\n","protected":false},"excerpt":{"rendered":"","protected":false},"author":1,"featured_media":0,"comment_status":"open","ping_status":"open","sticky":false,"template":"","format":"standard","meta":{"footnotes":""},"categories":[70,73,19,51],"tags":[],"jetpack_featured_media_url":"","_links":{"self":[{"href":"http:\/\/www.kunstgalerie-barbara.de\/blog\/wp-json\/wp\/v2\/posts\/19276"}],"collection":[{"href":"http:\/\/www.kunstgalerie-barbara.de\/blog\/wp-json\/wp\/v2\/posts"}],"about":[{"href":"http:\/\/www.kunstgalerie-barbara.de\/blog\/wp-json\/wp\/v2\/types\/post"}],"author":[{"embeddable":true,"href":"http:\/\/www.kunstgalerie-barbara.de\/blog\/wp-json\/wp\/v2\/users\/1"}],"replies":[{"embeddable":true,"href":"http:\/\/www.kunstgalerie-barbara.de\/blog\/wp-json\/wp\/v2\/comments?post=19276"}],"version-history":[{"count":1,"href":"http:\/\/www.kunstgalerie-barbara.de\/blog\/wp-json\/wp\/v2\/posts\/19276\/revisions"}],"predecessor-version":[{"id":19278,"href":"http:\/\/www.kunstgalerie-barbara.de\/blog\/wp-json\/wp\/v2\/posts\/19276\/revisions\/19278"}],"wp:attachment":[{"href":"http:\/\/www.kunstgalerie-barbara.de\/blog\/wp-json\/wp\/v2\/media?parent=19276"}],"wp:term":[{"taxonomy":"category","embeddable":true,"href":"http:\/\/www.kunstgalerie-barbara.de\/blog\/wp-json\/wp\/v2\/categories?post=19276"},{"taxonomy":"post_tag","embeddable":true,"href":"http:\/\/www.kunstgalerie-barbara.de\/blog\/wp-json\/wp\/v2\/tags?post=19276"}],"curies":[{"name":"wp","href":"https:\/\/api.w.org\/{rel}","templated":true}]}}