{"id":19286,"date":"2017-10-09T08:02:20","date_gmt":"2017-10-09T06:02:20","guid":{"rendered":"http:\/\/www.kunstgalerie-barbara.de\/blog\/?p=19286"},"modified":"2017-10-12T07:09:51","modified_gmt":"2017-10-12T05:09:51","slug":"spinnen-sind-fuer-den-einen-oder-anderen-nur-gruselig-fuer-mich-allerdings-nur-nuetzlich-dies-exemplar-ist-besonders-gross-also-ueber-einen-cm-vor-jedem-fenster-unseres-obergeschosses-gibts-eine","status":"publish","type":"post","link":"http:\/\/www.kunstgalerie-barbara.de\/blog\/2017\/10\/spinnen-sind-fuer-den-einen-oder-anderen-nur-gruselig-fuer-mich-allerdings-nur-nuetzlich-dies-exemplar-ist-besonders-gross-also-ueber-einen-cm-vor-jedem-fenster-unseres-obergeschosses-gibts-eine\/","title":{"rendered":"Spinnen sind f\u00fcr den einen oder anderen nur gruselig, f\u00fcr mich allerdings nur n\u00fctzlich. Dies Exemplar ist besonders gro\u00df, also \u00fcber 1cm. Vor jedem Fenster unseres Obergeschosses gibt&#8217;s eine davon. Ich nenne sie W\u00e4chterspinnen, denn sie ern\u00e4hren sich und befreien uns so vor allerhand L\u00e4stigem und sie scheinen ne Menge davon zu fangen, sonst w\u00e4r sie nicht so gro\u00df und wohlgen\u00e4hrt&#8230;."},"content":{"rendered":"<p><a href=\"http:\/\/www.kunstgalerie-barbara.de\/blog\/wp-content\/uploads\/2017\/10\/P1280859.jpg\"><img loading=\"lazy\" decoding=\"async\" class=\"aligncenter  wp-image-19287\" src=\"http:\/\/www.kunstgalerie-barbara.de\/blog\/wp-content\/uploads\/2017\/10\/P1280859-200x300.jpg\" alt=\"\" width=\"426\" height=\"639\" srcset=\"http:\/\/www.kunstgalerie-barbara.de\/blog\/wp-content\/uploads\/2017\/10\/P1280859-200x300.jpg 200w, http:\/\/www.kunstgalerie-barbara.de\/blog\/wp-content\/uploads\/2017\/10\/P1280859-768x1152.jpg 768w, http:\/\/www.kunstgalerie-barbara.de\/blog\/wp-content\/uploads\/2017\/10\/P1280859-683x1024.jpg 683w\" sizes=\"(max-width: 426px) 100vw, 426px\" \/><\/a><\/p>\n","protected":false},"excerpt":{"rendered":"","protected":false},"author":1,"featured_media":0,"comment_status":"open","ping_status":"open","sticky":false,"template":"","format":"standard","meta":{"footnotes":""},"categories":[73,26,19,67,71,51],"tags":[],"jetpack_featured_media_url":"","_links":{"self":[{"href":"http:\/\/www.kunstgalerie-barbara.de\/blog\/wp-json\/wp\/v2\/posts\/19286"}],"collection":[{"href":"http:\/\/www.kunstgalerie-barbara.de\/blog\/wp-json\/wp\/v2\/posts"}],"about":[{"href":"http:\/\/www.kunstgalerie-barbara.de\/blog\/wp-json\/wp\/v2\/types\/post"}],"author":[{"embeddable":true,"href":"http:\/\/www.kunstgalerie-barbara.de\/blog\/wp-json\/wp\/v2\/users\/1"}],"replies":[{"embeddable":true,"href":"http:\/\/www.kunstgalerie-barbara.de\/blog\/wp-json\/wp\/v2\/comments?post=19286"}],"version-history":[{"count":7,"href":"http:\/\/www.kunstgalerie-barbara.de\/blog\/wp-json\/wp\/v2\/posts\/19286\/revisions"}],"predecessor-version":[{"id":19306,"href":"http:\/\/www.kunstgalerie-barbara.de\/blog\/wp-json\/wp\/v2\/posts\/19286\/revisions\/19306"}],"wp:attachment":[{"href":"http:\/\/www.kunstgalerie-barbara.de\/blog\/wp-json\/wp\/v2\/media?parent=19286"}],"wp:term":[{"taxonomy":"category","embeddable":true,"href":"http:\/\/www.kunstgalerie-barbara.de\/blog\/wp-json\/wp\/v2\/categories?post=19286"},{"taxonomy":"post_tag","embeddable":true,"href":"http:\/\/www.kunstgalerie-barbara.de\/blog\/wp-json\/wp\/v2\/tags?post=19286"}],"curies":[{"name":"wp","href":"https:\/\/api.w.org\/{rel}","templated":true}]}}