{"id":19311,"date":"2017-10-13T06:44:13","date_gmt":"2017-10-13T04:44:13","guid":{"rendered":"http:\/\/www.kunstgalerie-barbara.de\/blog\/?p=19311"},"modified":"2017-10-13T07:13:24","modified_gmt":"2017-10-13T05:13:24","slug":"zwei-ringeltauben-leben-seit-geraumer-zeit-in-unserem-grossen-ahorn-unserem-hausbaum-eine-davon-flog-vorgestern-aus-unerfindlichen-gruenden-gegen-eine-fensterscheibe-unseres-erdgeschosses-von-da-an","status":"publish","type":"post","link":"http:\/\/www.kunstgalerie-barbara.de\/blog\/2017\/10\/zwei-ringeltauben-leben-seit-geraumer-zeit-in-unserem-grossen-ahorn-unserem-hausbaum-eine-davon-flog-vorgestern-aus-unerfindlichen-gruenden-gegen-eine-fensterscheibe-unseres-erdgeschosses-von-da-an\/","title":{"rendered":"Zwei Ringeltauben leben seit geraumer Zeit in unserem gro\u00dfen Ahorn, unserem Hausbaum. Eine davon flog vorgestern aus unerfindlichen Gr\u00fcnden gegen eine Fensterscheibe unseres Erdgeschosses. Von da an sa\u00df sie etwas verdattert in einer Ecke unseres Gartens. Wir dachten, wenn der erste Schock vorbei ist, wird sie sich berappeln, Am n\u00e4chsten Morgen sa\u00df sie vor unserer K\u00fcchent\u00fcr. Ein paar Federn lagen neben ihr. Augenscheinlich hatte sich zu allem \u00dcberfl\u00fc\u00df auch noch unser Kater Bisi \u00fcber sie hergemacht. Was also tun mit ihr, anscheinend war sie flugunf\u00e4hig. Im Garten konnte sie also nicht bleiben."},"content":{"rendered":"<p>&nbsp;<\/p>\n<p><a href=\"http:\/\/www.kunstgalerie-barbara.de\/blog\/wp-content\/uploads\/2017\/10\/P1210337.jpg\"><img loading=\"lazy\" decoding=\"async\" class=\"aligncenter wp-image-19318\" src=\"http:\/\/www.kunstgalerie-barbara.de\/blog\/wp-content\/uploads\/2017\/10\/P1210337-300x200.jpg\" alt=\"\" width=\"450\" height=\"300\" srcset=\"http:\/\/www.kunstgalerie-barbara.de\/blog\/wp-content\/uploads\/2017\/10\/P1210337-300x200.jpg 300w, http:\/\/www.kunstgalerie-barbara.de\/blog\/wp-content\/uploads\/2017\/10\/P1210337-768x512.jpg 768w, http:\/\/www.kunstgalerie-barbara.de\/blog\/wp-content\/uploads\/2017\/10\/P1210337-1024x683.jpg 1024w\" sizes=\"(max-width: 450px) 100vw, 450px\" \/><\/a><\/p>\n<p><a href=\"http:\/\/www.kunstgalerie-barbara.de\/blog\/wp-content\/uploads\/2017\/10\/P1280907.jpg\"><img loading=\"lazy\" decoding=\"async\" class=\"aligncenter wp-image-19312\" src=\"http:\/\/www.kunstgalerie-barbara.de\/blog\/wp-content\/uploads\/2017\/10\/P1280907-300x154.jpg\" alt=\"\" width=\"460\" height=\"236\" srcset=\"http:\/\/www.kunstgalerie-barbara.de\/blog\/wp-content\/uploads\/2017\/10\/P1280907-300x154.jpg 300w, http:\/\/www.kunstgalerie-barbara.de\/blog\/wp-content\/uploads\/2017\/10\/P1280907-768x395.jpg 768w, http:\/\/www.kunstgalerie-barbara.de\/blog\/wp-content\/uploads\/2017\/10\/P1280907-1024x527.jpg 1024w\" sizes=\"(max-width: 460px) 100vw, 460px\" \/><\/a><\/p>\n<p><span class=\"text_exposed_show\">Wir beschlossen sie ins Tierheim zu bringen, setzten sie in einen unserer afrikanischen Einkaufsk\u00f6rbe und fuhren los, Meine Tochter sprach beruhigend auf sie ein, w\u00e4hrend der Fahrt. Ich war skeptisch, was das Tierheim betraf und sollte Recht behalten. Warum wir die Taube nicht zum Tierarzt br\u00e4chten, wurden wir prompt gefragt, h\u00e4tten wir alles schon einmal mit einem verletzten Mauersegler vor Jahren durchgemacht. Der Tierarzt hatte den Vogel untersucht, nichts gefunden und uns mit ihm nach Hause geschickt. Eine Woche sp\u00e4ter starb er, obwohl wir ihn mit Essen ( Mehlw\u00fcrmern) und Wasser versorgt hatten. Das wollten wir kein zweites Mahl erleben, Man schaute uns befremdlich und abweisend an. Wir sollten einen Moment warten, jemand w\u00fcrde sich gleich die Taube anschauen. Inzwischen wurden unsere Personalien aufgenommen. Was wir denn mit anderen verletzten Wildtieren tun sollten, fragten wir? Auf keinen Fall mitnehmen und zu ihnen bringen, war die entsetzte Antwort. Na ja, das war also auch klar! Tiere liegen und einfach verrecken lassen. Eine Kollegin schaute sich inzwischen unsere Taube an, indem sie sie an eins ihrer Ohren hielt und meinte, das Tier h\u00e4tte Lungenprobleme. In den n\u00e4chsten Tagen k\u00e4me ein Tierarzt und w\u00fcrde sie untersuchen, wir k\u00f6nnten uns demn\u00e4chst nach dem Befinden der Patientin telefonisch erkundigen, sprachs und steckte die Taube in einen winzigen K\u00e4fig. Na, schaun wir mal, was draus wird !!!!!!!<\/span><\/p>\n","protected":false},"excerpt":{"rendered":"<p>&nbsp; Wir beschlossen sie ins Tierheim zu bringen, setzten sie in einen unserer afrikanischen Einkaufsk\u00f6rbe und fuhren los, Meine Tochter sprach beruhigend auf sie ein, w\u00e4hrend der Fahrt. Ich war skeptisch, was das Tierheim betraf und sollte Recht behalten. Warum wir die Taube nicht zum Tierarzt br\u00e4chten, wurden wir prompt gefragt, h\u00e4tten wir alles schon einmal mit einem verletzten Mauersegler vor Jahren durchgemacht. Der Tierarzt hatte den Vogel untersucht, nichts gefunden und uns mit ihm nach Hause geschickt. Eine Woche sp\u00e4ter starb er, obwohl wir ihn mit Essen ( Mehlw\u00fcrmern) und Wasser versorgt hatten. Das wollten wir kein zweites Mahl erleben, Man schaute uns befremdlich und abweisend an. Wir sollten einen Moment warten, jemand w\u00fcrde sich gleich die Taube anschauen. Inzwischen wurden unsere Personalien aufgenommen. Was wir denn mit anderen verletzten Wildtieren tun sollten, fragten wir? Auf keinen Fall mitnehmen und zu ihnen bringen, war die entsetzte Antwort. Na ja, das war also auch klar! Tiere liegen und einfach verrecken lassen. Eine Kollegin schaute sich inzwischen unsere Taube an, indem sie sie an eins ihrer Ohren hielt und meinte, das Tier h\u00e4tte Lungenprobleme. In den n\u00e4chsten Tagen k\u00e4me ein Tierarzt und w\u00fcrde sie untersuchen, wir k\u00f6nnten uns demn\u00e4chst nach dem Befinden der Patientin telefonisch erkundigen, sprachs und steckte die Taube in einen winzigen K\u00e4fig. Na, schaun wir mal, was draus wird !!!!!!!<\/p>\n","protected":false},"author":1,"featured_media":0,"comment_status":"open","ping_status":"open","sticky":false,"template":"","format":"standard","meta":{"footnotes":""},"categories":[73,26,71,51],"tags":[],"jetpack_featured_media_url":"","_links":{"self":[{"href":"http:\/\/www.kunstgalerie-barbara.de\/blog\/wp-json\/wp\/v2\/posts\/19311"}],"collection":[{"href":"http:\/\/www.kunstgalerie-barbara.de\/blog\/wp-json\/wp\/v2\/posts"}],"about":[{"href":"http:\/\/www.kunstgalerie-barbara.de\/blog\/wp-json\/wp\/v2\/types\/post"}],"author":[{"embeddable":true,"href":"http:\/\/www.kunstgalerie-barbara.de\/blog\/wp-json\/wp\/v2\/users\/1"}],"replies":[{"embeddable":true,"href":"http:\/\/www.kunstgalerie-barbara.de\/blog\/wp-json\/wp\/v2\/comments?post=19311"}],"version-history":[{"count":7,"href":"http:\/\/www.kunstgalerie-barbara.de\/blog\/wp-json\/wp\/v2\/posts\/19311\/revisions"}],"predecessor-version":[{"id":19320,"href":"http:\/\/www.kunstgalerie-barbara.de\/blog\/wp-json\/wp\/v2\/posts\/19311\/revisions\/19320"}],"wp:attachment":[{"href":"http:\/\/www.kunstgalerie-barbara.de\/blog\/wp-json\/wp\/v2\/media?parent=19311"}],"wp:term":[{"taxonomy":"category","embeddable":true,"href":"http:\/\/www.kunstgalerie-barbara.de\/blog\/wp-json\/wp\/v2\/categories?post=19311"},{"taxonomy":"post_tag","embeddable":true,"href":"http:\/\/www.kunstgalerie-barbara.de\/blog\/wp-json\/wp\/v2\/tags?post=19311"}],"curies":[{"name":"wp","href":"https:\/\/api.w.org\/{rel}","templated":true}]}}