{"id":19321,"date":"2017-10-13T07:33:27","date_gmt":"2017-10-13T05:33:27","guid":{"rendered":"http:\/\/www.kunstgalerie-barbara.de\/blog\/?p=19321"},"modified":"2017-10-13T07:33:27","modified_gmt":"2017-10-13T05:33:27","slug":"noch-ein-tipp-vom-nabu-lassen-sie-die-blaetter-ruhig-liegen-denn-im-laubstreu-befinden-sich-viele-insekten-die-gern-von-amseln-oder-rotkehlchen-aufgelesen-werden-bei-fruchtragenden-baeumen-koennen","status":"publish","type":"post","link":"http:\/\/www.kunstgalerie-barbara.de\/blog\/2017\/10\/noch-ein-tipp-vom-nabu-lassen-sie-die-blaetter-ruhig-liegen-denn-im-laubstreu-befinden-sich-viele-insekten-die-gern-von-amseln-oder-rotkehlchen-aufgelesen-werden-bei-fruchtragenden-baeumen-koennen\/","title":{"rendered":"Noch ein Tipp vom NABU: Lassen Sie die Bl\u00e4tter ruhig liegen. Denn im Laubstreu befinden sich viele Insekten, die gern von Amseln oder Rotkehlchen aufgelesen werden. Bei fruchtragenden B\u00e4umen k\u00f6nnen Sie das Obst auch liegen und nicht gefallene Fr\u00fcchte am Baum h\u00e4ngen lassen. Sie sind wichtige Nahrung f\u00fcr V\u00f6gel im Winter und die ersten fliegenden Insekten im Fr\u00fchjahr."},"content":{"rendered":"<p><a href=\"http:\/\/www.kunstgalerie-barbara.de\/blog\/wp-content\/uploads\/2017\/10\/P1740571.jpg\"><img loading=\"lazy\" decoding=\"async\" class=\"aligncenter  wp-image-19322\" src=\"http:\/\/www.kunstgalerie-barbara.de\/blog\/wp-content\/uploads\/2017\/10\/P1740571-300x201.jpg\" alt=\"\" width=\"442\" height=\"296\" srcset=\"http:\/\/www.kunstgalerie-barbara.de\/blog\/wp-content\/uploads\/2017\/10\/P1740571-300x201.jpg 300w, http:\/\/www.kunstgalerie-barbara.de\/blog\/wp-content\/uploads\/2017\/10\/P1740571-768x515.jpg 768w, http:\/\/www.kunstgalerie-barbara.de\/blog\/wp-content\/uploads\/2017\/10\/P1740571-1024x687.jpg 1024w\" sizes=\"(max-width: 442px) 100vw, 442px\" \/><\/a><\/p>\n","protected":false},"excerpt":{"rendered":"","protected":false},"author":1,"featured_media":0,"comment_status":"open","ping_status":"open","sticky":false,"template":"","format":"standard","meta":{"footnotes":""},"categories":[73,26,79,67,71,51],"tags":[],"jetpack_featured_media_url":"","_links":{"self":[{"href":"http:\/\/www.kunstgalerie-barbara.de\/blog\/wp-json\/wp\/v2\/posts\/19321"}],"collection":[{"href":"http:\/\/www.kunstgalerie-barbara.de\/blog\/wp-json\/wp\/v2\/posts"}],"about":[{"href":"http:\/\/www.kunstgalerie-barbara.de\/blog\/wp-json\/wp\/v2\/types\/post"}],"author":[{"embeddable":true,"href":"http:\/\/www.kunstgalerie-barbara.de\/blog\/wp-json\/wp\/v2\/users\/1"}],"replies":[{"embeddable":true,"href":"http:\/\/www.kunstgalerie-barbara.de\/blog\/wp-json\/wp\/v2\/comments?post=19321"}],"version-history":[{"count":1,"href":"http:\/\/www.kunstgalerie-barbara.de\/blog\/wp-json\/wp\/v2\/posts\/19321\/revisions"}],"predecessor-version":[{"id":19323,"href":"http:\/\/www.kunstgalerie-barbara.de\/blog\/wp-json\/wp\/v2\/posts\/19321\/revisions\/19323"}],"wp:attachment":[{"href":"http:\/\/www.kunstgalerie-barbara.de\/blog\/wp-json\/wp\/v2\/media?parent=19321"}],"wp:term":[{"taxonomy":"category","embeddable":true,"href":"http:\/\/www.kunstgalerie-barbara.de\/blog\/wp-json\/wp\/v2\/categories?post=19321"},{"taxonomy":"post_tag","embeddable":true,"href":"http:\/\/www.kunstgalerie-barbara.de\/blog\/wp-json\/wp\/v2\/tags?post=19321"}],"curies":[{"name":"wp","href":"https:\/\/api.w.org\/{rel}","templated":true}]}}