{"id":19331,"date":"2017-10-17T14:29:38","date_gmt":"2017-10-17T12:29:38","guid":{"rendered":"http:\/\/www.kunstgalerie-barbara.de\/blog\/?p=19331"},"modified":"2017-10-17T14:31:03","modified_gmt":"2017-10-17T12:31:03","slug":"22000-fliegerbomben-wurden-ueber-bremen-im-zweiten-weltkrieg-abgeworfen-16000-davon-wurden-bisher-gefunden-und-entschaerft-wo-befinden-sich-die-restlichen-6000-selbst-wenn-wir-davon-ausgehen-dass","status":"publish","type":"post","link":"http:\/\/www.kunstgalerie-barbara.de\/blog\/2017\/10\/22000-fliegerbomben-wurden-ueber-bremen-im-zweiten-weltkrieg-abgeworfen-16000-davon-wurden-bisher-gefunden-und-entschaerft-wo-befinden-sich-die-restlichen-6000-selbst-wenn-wir-davon-ausgehen-dass\/","title":{"rendered":"22000 Fliegerbomben wurden \u00fcber Bremen im zweiten Weltkrieg abgeworfen, 16000 davon wurden bisher gefunden und entsch\u00e4rft, wo befinden sich die restlichen 6000. Selbst wenn wir davon ausgehen, dass etliche davon daf\u00fcr sorgten, dass Bremen in Schutt und Asche ging, bleiben immer noch genug \u00fcbrig, die leider noch entdeckt und entsch\u00e4rft werden m\u00fcssen&#8230;"},"content":{"rendered":"<p><a href=\"https:\/\/www.weser-kurier.de\/bremen\/bremen-stadt_artikel,-bombe-in-bremenhastedt-erfolgreich-entschaerft-_arid,1657077.html\">https:\/\/www.weser-kurier.de\/bremen\/bremen-stadt_artikel,-bombe-in-bremenhastedt-erfolgreich-entschaerft-_arid,1657077.html<\/a><\/p>\n","protected":false},"excerpt":{"rendered":"<p>https:\/\/www.weser-kurier.de\/bremen\/bremen-stadt_artikel,-bombe-in-bremenhastedt-erfolgreich-entschaerft-_arid,1657077.html<\/p>\n","protected":false},"author":1,"featured_media":0,"comment_status":"open","ping_status":"open","sticky":false,"template":"","format":"standard","meta":{"footnotes":""},"categories":[70,22,42,75,40,51],"tags":[],"jetpack_featured_media_url":"","_links":{"self":[{"href":"http:\/\/www.kunstgalerie-barbara.de\/blog\/wp-json\/wp\/v2\/posts\/19331"}],"collection":[{"href":"http:\/\/www.kunstgalerie-barbara.de\/blog\/wp-json\/wp\/v2\/posts"}],"about":[{"href":"http:\/\/www.kunstgalerie-barbara.de\/blog\/wp-json\/wp\/v2\/types\/post"}],"author":[{"embeddable":true,"href":"http:\/\/www.kunstgalerie-barbara.de\/blog\/wp-json\/wp\/v2\/users\/1"}],"replies":[{"embeddable":true,"href":"http:\/\/www.kunstgalerie-barbara.de\/blog\/wp-json\/wp\/v2\/comments?post=19331"}],"version-history":[{"count":2,"href":"http:\/\/www.kunstgalerie-barbara.de\/blog\/wp-json\/wp\/v2\/posts\/19331\/revisions"}],"predecessor-version":[{"id":19333,"href":"http:\/\/www.kunstgalerie-barbara.de\/blog\/wp-json\/wp\/v2\/posts\/19331\/revisions\/19333"}],"wp:attachment":[{"href":"http:\/\/www.kunstgalerie-barbara.de\/blog\/wp-json\/wp\/v2\/media?parent=19331"}],"wp:term":[{"taxonomy":"category","embeddable":true,"href":"http:\/\/www.kunstgalerie-barbara.de\/blog\/wp-json\/wp\/v2\/categories?post=19331"},{"taxonomy":"post_tag","embeddable":true,"href":"http:\/\/www.kunstgalerie-barbara.de\/blog\/wp-json\/wp\/v2\/tags?post=19331"}],"curies":[{"name":"wp","href":"https:\/\/api.w.org\/{rel}","templated":true}]}}