{"id":19363,"date":"2017-10-25T08:01:48","date_gmt":"2017-10-25T06:01:48","guid":{"rendered":"http:\/\/www.kunstgalerie-barbara.de\/blog\/?p=19363"},"modified":"2017-10-25T08:01:48","modified_gmt":"2017-10-25T06:01:48","slug":"natuerlich-koennte-man-auch-apfelsaft-daraus-machen-aber-unsere-wildtiere-werden-sich-freuen-bei-solch-einem-ueberangebot","status":"publish","type":"post","link":"http:\/\/www.kunstgalerie-barbara.de\/blog\/2017\/10\/natuerlich-koennte-man-auch-apfelsaft-daraus-machen-aber-unsere-wildtiere-werden-sich-freuen-bei-solch-einem-ueberangebot\/","title":{"rendered":"Nat\u00fcrlich k\u00f6nnte man auch Apfelsaft daraus machen, aber unsere Wildtiere werden sich freuen bei solch einem \u00dcberangebot&#8230;.."},"content":{"rendered":"<p><a href=\"http:\/\/www.kunstgalerie-barbara.de\/blog\/wp-content\/uploads\/2017\/10\/P1140207.jpg\"><img loading=\"lazy\" decoding=\"async\" class=\"aligncenter  wp-image-19364\" src=\"http:\/\/www.kunstgalerie-barbara.de\/blog\/wp-content\/uploads\/2017\/10\/P1140207-300x200.jpg\" alt=\"\" width=\"449\" height=\"299\" srcset=\"http:\/\/www.kunstgalerie-barbara.de\/blog\/wp-content\/uploads\/2017\/10\/P1140207-300x200.jpg 300w, http:\/\/www.kunstgalerie-barbara.de\/blog\/wp-content\/uploads\/2017\/10\/P1140207-768x512.jpg 768w, http:\/\/www.kunstgalerie-barbara.de\/blog\/wp-content\/uploads\/2017\/10\/P1140207-1024x683.jpg 1024w\" sizes=\"(max-width: 449px) 100vw, 449px\" \/><\/a><\/p>\n","protected":false},"excerpt":{"rendered":"","protected":false},"author":1,"featured_media":0,"comment_status":"open","ping_status":"open","sticky":false,"template":"","format":"standard","meta":{"footnotes":""},"categories":[70,73,67,71,51],"tags":[],"jetpack_featured_media_url":"","_links":{"self":[{"href":"http:\/\/www.kunstgalerie-barbara.de\/blog\/wp-json\/wp\/v2\/posts\/19363"}],"collection":[{"href":"http:\/\/www.kunstgalerie-barbara.de\/blog\/wp-json\/wp\/v2\/posts"}],"about":[{"href":"http:\/\/www.kunstgalerie-barbara.de\/blog\/wp-json\/wp\/v2\/types\/post"}],"author":[{"embeddable":true,"href":"http:\/\/www.kunstgalerie-barbara.de\/blog\/wp-json\/wp\/v2\/users\/1"}],"replies":[{"embeddable":true,"href":"http:\/\/www.kunstgalerie-barbara.de\/blog\/wp-json\/wp\/v2\/comments?post=19363"}],"version-history":[{"count":1,"href":"http:\/\/www.kunstgalerie-barbara.de\/blog\/wp-json\/wp\/v2\/posts\/19363\/revisions"}],"predecessor-version":[{"id":19365,"href":"http:\/\/www.kunstgalerie-barbara.de\/blog\/wp-json\/wp\/v2\/posts\/19363\/revisions\/19365"}],"wp:attachment":[{"href":"http:\/\/www.kunstgalerie-barbara.de\/blog\/wp-json\/wp\/v2\/media?parent=19363"}],"wp:term":[{"taxonomy":"category","embeddable":true,"href":"http:\/\/www.kunstgalerie-barbara.de\/blog\/wp-json\/wp\/v2\/categories?post=19363"},{"taxonomy":"post_tag","embeddable":true,"href":"http:\/\/www.kunstgalerie-barbara.de\/blog\/wp-json\/wp\/v2\/tags?post=19363"}],"curies":[{"name":"wp","href":"https:\/\/api.w.org\/{rel}","templated":true}]}}