{"id":19501,"date":"2017-12-01T08:30:44","date_gmt":"2017-12-01T06:30:44","guid":{"rendered":"http:\/\/www.kunstgalerie-barbara.de\/blog\/?p=19501"},"modified":"2017-12-01T08:30:44","modified_gmt":"2017-12-01T06:30:44","slug":"eine-buergerversicherung-ist-ja-schoen-und-gut-aber-dann-auf-hohem-niveau-nicht-eine-runterstufung-auf-niedrigstes-niveau-fuer-alle-das-waere-naemlich-keine-verbesserung-die-meisten-krankenkassen","status":"publish","type":"post","link":"http:\/\/www.kunstgalerie-barbara.de\/blog\/2017\/12\/eine-buergerversicherung-ist-ja-schoen-und-gut-aber-dann-auf-hohem-niveau-nicht-eine-runterstufung-auf-niedrigstes-niveau-fuer-alle-das-waere-naemlich-keine-verbesserung-die-meisten-krankenkassen\/","title":{"rendered":"Eine B\u00fcrgerversicherung ist ja sch\u00f6n und gut, aber dann auf hohem Niveau, nicht eine Runterstufung auf niedrigstes Niveau f\u00fcr alle. Das w\u00e4re n\u00e4mlich keine Verbesserung. Die meisten Krankenkassen geben sich mit alternativen Heilmethoden nicht ab, beispielsweise Hom\u00f6opahtie,Osteopathie ect. mu\u00df genauso drin sein, wie die die freie Arztwahl f\u00fcr alle ist doch klar, oder."},"content":{"rendered":"","protected":false},"excerpt":{"rendered":"","protected":false},"author":1,"featured_media":0,"comment_status":"open","ping_status":"open","sticky":false,"template":"","format":"standard","meta":{"footnotes":""},"categories":[42,75,40,51],"tags":[],"jetpack_featured_media_url":"","_links":{"self":[{"href":"http:\/\/www.kunstgalerie-barbara.de\/blog\/wp-json\/wp\/v2\/posts\/19501"}],"collection":[{"href":"http:\/\/www.kunstgalerie-barbara.de\/blog\/wp-json\/wp\/v2\/posts"}],"about":[{"href":"http:\/\/www.kunstgalerie-barbara.de\/blog\/wp-json\/wp\/v2\/types\/post"}],"author":[{"embeddable":true,"href":"http:\/\/www.kunstgalerie-barbara.de\/blog\/wp-json\/wp\/v2\/users\/1"}],"replies":[{"embeddable":true,"href":"http:\/\/www.kunstgalerie-barbara.de\/blog\/wp-json\/wp\/v2\/comments?post=19501"}],"version-history":[{"count":1,"href":"http:\/\/www.kunstgalerie-barbara.de\/blog\/wp-json\/wp\/v2\/posts\/19501\/revisions"}],"predecessor-version":[{"id":19502,"href":"http:\/\/www.kunstgalerie-barbara.de\/blog\/wp-json\/wp\/v2\/posts\/19501\/revisions\/19502"}],"wp:attachment":[{"href":"http:\/\/www.kunstgalerie-barbara.de\/blog\/wp-json\/wp\/v2\/media?parent=19501"}],"wp:term":[{"taxonomy":"category","embeddable":true,"href":"http:\/\/www.kunstgalerie-barbara.de\/blog\/wp-json\/wp\/v2\/categories?post=19501"},{"taxonomy":"post_tag","embeddable":true,"href":"http:\/\/www.kunstgalerie-barbara.de\/blog\/wp-json\/wp\/v2\/tags?post=19501"}],"curies":[{"name":"wp","href":"https:\/\/api.w.org\/{rel}","templated":true}]}}