{"id":19766,"date":"2018-03-08T16:38:33","date_gmt":"2018-03-08T14:38:33","guid":{"rendered":"http:\/\/www.kunstgalerie-barbara.de\/blog\/?p=19766"},"modified":"2018-03-19T06:21:55","modified_gmt":"2018-03-19T04:21:55","slug":"weltfrauentag-ich-wollte-nichts-darueber-absondern-weil-es-eh-nichts-bringt-aber-ich-tue-es-doch-es-gibt-domaenen-da-werden-frauen-so-auch-ich-nicht-ernst-genommen-was-mich-immer-wieder-ungeheue","status":"publish","type":"post","link":"http:\/\/www.kunstgalerie-barbara.de\/blog\/2018\/03\/weltfrauentag-ich-wollte-nichts-darueber-absondern-weil-es-eh-nichts-bringt-aber-ich-tue-es-doch-es-gibt-domaenen-da-werden-frauen-so-auch-ich-nicht-ernst-genommen-was-mich-immer-wieder-ungeheue\/","title":{"rendered":"Weltfrauentag: Ich wollte eigentlich nichts dar\u00fcber absondern, weil es eh nichts bringt aber ich tue es doch. Es gibt leider immer noch Dom\u00e4nen, da werden Frauen, so auch ich nicht ernst genommen, was mich immer wieder ma\u00dflos \u00e4rgert, eine davon ist die Autowerkstatt. Die lieben Mechanik\u00fcsse nehmen unser Geld, denken aber, dass uns voll der Durchblick fehlt, so dass sie uns von oben herab behandeln k\u00f6nnen, und uns alles andrehen k\u00f6nnen was sie wollen."},"content":{"rendered":"","protected":false},"excerpt":{"rendered":"","protected":false},"author":1,"featured_media":0,"comment_status":"open","ping_status":"open","sticky":false,"template":"","format":"standard","meta":{"footnotes":""},"categories":[3,72,19,51],"tags":[],"jetpack_featured_media_url":"","_links":{"self":[{"href":"http:\/\/www.kunstgalerie-barbara.de\/blog\/wp-json\/wp\/v2\/posts\/19766"}],"collection":[{"href":"http:\/\/www.kunstgalerie-barbara.de\/blog\/wp-json\/wp\/v2\/posts"}],"about":[{"href":"http:\/\/www.kunstgalerie-barbara.de\/blog\/wp-json\/wp\/v2\/types\/post"}],"author":[{"embeddable":true,"href":"http:\/\/www.kunstgalerie-barbara.de\/blog\/wp-json\/wp\/v2\/users\/1"}],"replies":[{"embeddable":true,"href":"http:\/\/www.kunstgalerie-barbara.de\/blog\/wp-json\/wp\/v2\/comments?post=19766"}],"version-history":[{"count":5,"href":"http:\/\/www.kunstgalerie-barbara.de\/blog\/wp-json\/wp\/v2\/posts\/19766\/revisions"}],"predecessor-version":[{"id":19794,"href":"http:\/\/www.kunstgalerie-barbara.de\/blog\/wp-json\/wp\/v2\/posts\/19766\/revisions\/19794"}],"wp:attachment":[{"href":"http:\/\/www.kunstgalerie-barbara.de\/blog\/wp-json\/wp\/v2\/media?parent=19766"}],"wp:term":[{"taxonomy":"category","embeddable":true,"href":"http:\/\/www.kunstgalerie-barbara.de\/blog\/wp-json\/wp\/v2\/categories?post=19766"},{"taxonomy":"post_tag","embeddable":true,"href":"http:\/\/www.kunstgalerie-barbara.de\/blog\/wp-json\/wp\/v2\/tags?post=19766"}],"curies":[{"name":"wp","href":"https:\/\/api.w.org\/{rel}","templated":true}]}}