{"id":19843,"date":"2018-04-28T16:53:23","date_gmt":"2018-04-28T14:53:23","guid":{"rendered":"http:\/\/www.kunstgalerie-barbara.de\/blog\/?p=19843"},"modified":"2018-04-28T17:12:45","modified_gmt":"2018-04-28T15:12:45","slug":"wenn-wir-geglaubt-haben-sollten-seit-gestern-sei-die-sache-mit-den-neonics-vom-tisch-so-haben-wir-uns-gruendlich-geirrt-denn-die-industrie-hat-bereits-neue-insektizide-in-der-schublade-die-auch-ni","status":"publish","type":"post","link":"http:\/\/www.kunstgalerie-barbara.de\/blog\/2018\/04\/wenn-wir-geglaubt-haben-sollten-seit-gestern-sei-die-sache-mit-den-neonics-vom-tisch-so-haben-wir-uns-gruendlich-geirrt-denn-die-industrie-hat-bereits-neue-insektizide-in-der-schublade-die-auch-ni\/","title":{"rendered":"Wenn wir geglaubt haben sollten, seit gestern sei die Sache mit den Neonics vom Tisch, so haben wir uns gr\u00fcndlich geirrt, denn die Industrie hat bereits neue Insektizide in petto, die auch nicht weniger sch\u00e4dlich sind als die eben Verbotenen. Der Kampf um Insektensch\u00e4dliche Insektizide geht also weiter&#8230;  Die EU-Staaten haben den Einsatz von bestimmten Pflanzenschutzmitteln auf \u00c4ckern verboten. Es geht um drei Wirkstoffe aus der Gruppe der Neonikotinoide. Sie werden zum Beispiel f\u00fcr das Bienensterben verantwortlich gemacht. Landwirte f\u00fcrchten, dass sich das auf Qualit\u00e4t und Ertrag ihrer Ernte auswirken k\u00f6nnte.  Ersatzgifte liegen schon in der Schublade  Doch die Industrie hat l\u00e4ngst neue Insektizide in der Schublade. Zum Beispiel die Wirkstoffe Sulfoxaflor aus der Gruppe der Sulfoximine oder Flupyradifuron aus der Gruppe der Butenolide. Stoffe, die keine Neonikotinoide sind, aber eine verd\u00e4chtige \u00c4hnlichkeit haben. Auch sie binden sich an die Rezeptoren der Nervenzellen von Insekten und st\u00f6ren dadurch die Weiterleitung von Nervenreizen.  Durch die EU sind beide Mittel bereits zugelassen. Flupyradifuron ist auch bereits in einigen Mitgliedsstaaten zugelassen, allerdings nicht in Deutschland.  Von Flupyradifuron wei\u00df man, dass es die Geschmackswahrnehmung von Bienen, das Lernen und das Ged\u00e4chtnis negativ beeinflussen kann. Das haben Versuche an der Uni W\u00fcrzburg gezeigt. Bei bestimmungsgem\u00e4\u00dfer Anwendung auf dem Feld, so die Wissenschaftler, sei aber nicht damit zu rechnen, dass die Bienen mit der im Labor verabreichten Dosis in Kontakt k\u00e4men. Wichtig sei es jetzt zu erforschen, wie sich Flupyradifuron auf die motorischen F\u00e4higkeiten der Tiere, den Bienentanz und die Orientierung auswirken."},"content":{"rendered":"<p>https:\/\/www.br.de\/nachrichten\/eu-verbietet-neonikotinoide-auf-aeckern-100.html<\/p>\n","protected":false},"excerpt":{"rendered":"<p>https:\/\/www.br.de\/nachrichten\/eu-verbietet-neonikotinoide-auf-aeckern-100.html<\/p>\n","protected":false},"author":1,"featured_media":0,"comment_status":"open","ping_status":"open","sticky":false,"template":"","format":"standard","meta":{"footnotes":""},"categories":[74,42,75,67,71,51],"tags":[],"jetpack_featured_media_url":"","_links":{"self":[{"href":"http:\/\/www.kunstgalerie-barbara.de\/blog\/wp-json\/wp\/v2\/posts\/19843"}],"collection":[{"href":"http:\/\/www.kunstgalerie-barbara.de\/blog\/wp-json\/wp\/v2\/posts"}],"about":[{"href":"http:\/\/www.kunstgalerie-barbara.de\/blog\/wp-json\/wp\/v2\/types\/post"}],"author":[{"embeddable":true,"href":"http:\/\/www.kunstgalerie-barbara.de\/blog\/wp-json\/wp\/v2\/users\/1"}],"replies":[{"embeddable":true,"href":"http:\/\/www.kunstgalerie-barbara.de\/blog\/wp-json\/wp\/v2\/comments?post=19843"}],"version-history":[{"count":4,"href":"http:\/\/www.kunstgalerie-barbara.de\/blog\/wp-json\/wp\/v2\/posts\/19843\/revisions"}],"predecessor-version":[{"id":19847,"href":"http:\/\/www.kunstgalerie-barbara.de\/blog\/wp-json\/wp\/v2\/posts\/19843\/revisions\/19847"}],"wp:attachment":[{"href":"http:\/\/www.kunstgalerie-barbara.de\/blog\/wp-json\/wp\/v2\/media?parent=19843"}],"wp:term":[{"taxonomy":"category","embeddable":true,"href":"http:\/\/www.kunstgalerie-barbara.de\/blog\/wp-json\/wp\/v2\/categories?post=19843"},{"taxonomy":"post_tag","embeddable":true,"href":"http:\/\/www.kunstgalerie-barbara.de\/blog\/wp-json\/wp\/v2\/tags?post=19843"}],"curies":[{"name":"wp","href":"https:\/\/api.w.org\/{rel}","templated":true}]}}