{"id":19848,"date":"2018-04-30T05:09:47","date_gmt":"2018-04-30T03:09:47","guid":{"rendered":"http:\/\/www.kunstgalerie-barbara.de\/blog\/?p=19848"},"modified":"2018-04-30T05:10:03","modified_gmt":"2018-04-30T03:10:03","slug":"wie-wr-hier-deutlich-sehen-koennen-bestaeuben-nicht-nur-bienen-und-deshalb-sind-alle-inskten-schuetzenswert-und-nicht-nur-bienen","status":"publish","type":"post","link":"http:\/\/www.kunstgalerie-barbara.de\/blog\/2018\/04\/wie-wr-hier-deutlich-sehen-koennen-bestaeuben-nicht-nur-bienen-und-deshalb-sind-alle-inskten-schuetzenswert-und-nicht-nur-bienen\/","title":{"rendered":"Wie wir hier deutlich sehen k\u00f6nnen, best\u00e4uben nicht nur Bienen und deshalb sind alle Inskten sch\u00fctzenswert und nicht nur Bienen&#8230;"},"content":{"rendered":"<p><a href=\"http:\/\/www.kunstgalerie-barbara.de\/blog\/wp-content\/uploads\/2018\/04\/P1660013.jpg\"><img loading=\"lazy\" decoding=\"async\" class=\"aligncenter  wp-image-19849\" src=\"http:\/\/www.kunstgalerie-barbara.de\/blog\/wp-content\/uploads\/2018\/04\/P1660013-300x201.jpg\" alt=\"\" width=\"457\" height=\"306\" srcset=\"http:\/\/www.kunstgalerie-barbara.de\/blog\/wp-content\/uploads\/2018\/04\/P1660013-300x201.jpg 300w, http:\/\/www.kunstgalerie-barbara.de\/blog\/wp-content\/uploads\/2018\/04\/P1660013-768x515.jpg 768w, http:\/\/www.kunstgalerie-barbara.de\/blog\/wp-content\/uploads\/2018\/04\/P1660013-1024x687.jpg 1024w\" sizes=\"(max-width: 457px) 100vw, 457px\" \/><\/a><\/p>\n","protected":false},"excerpt":{"rendered":"","protected":false},"author":1,"featured_media":0,"comment_status":"open","ping_status":"open","sticky":false,"template":"","format":"standard","meta":{"footnotes":""},"categories":[75,67,71,51],"tags":[],"jetpack_featured_media_url":"","_links":{"self":[{"href":"http:\/\/www.kunstgalerie-barbara.de\/blog\/wp-json\/wp\/v2\/posts\/19848"}],"collection":[{"href":"http:\/\/www.kunstgalerie-barbara.de\/blog\/wp-json\/wp\/v2\/posts"}],"about":[{"href":"http:\/\/www.kunstgalerie-barbara.de\/blog\/wp-json\/wp\/v2\/types\/post"}],"author":[{"embeddable":true,"href":"http:\/\/www.kunstgalerie-barbara.de\/blog\/wp-json\/wp\/v2\/users\/1"}],"replies":[{"embeddable":true,"href":"http:\/\/www.kunstgalerie-barbara.de\/blog\/wp-json\/wp\/v2\/comments?post=19848"}],"version-history":[{"count":2,"href":"http:\/\/www.kunstgalerie-barbara.de\/blog\/wp-json\/wp\/v2\/posts\/19848\/revisions"}],"predecessor-version":[{"id":19851,"href":"http:\/\/www.kunstgalerie-barbara.de\/blog\/wp-json\/wp\/v2\/posts\/19848\/revisions\/19851"}],"wp:attachment":[{"href":"http:\/\/www.kunstgalerie-barbara.de\/blog\/wp-json\/wp\/v2\/media?parent=19848"}],"wp:term":[{"taxonomy":"category","embeddable":true,"href":"http:\/\/www.kunstgalerie-barbara.de\/blog\/wp-json\/wp\/v2\/categories?post=19848"},{"taxonomy":"post_tag","embeddable":true,"href":"http:\/\/www.kunstgalerie-barbara.de\/blog\/wp-json\/wp\/v2\/tags?post=19848"}],"curies":[{"name":"wp","href":"https:\/\/api.w.org\/{rel}","templated":true}]}}