{"id":1989,"date":"2009-05-31T06:13:53","date_gmt":"2009-05-31T04:13:53","guid":{"rendered":"http:\/\/www.kunstgalerie-barbara.de\/blog\/?p=1989"},"modified":"2009-06-01T19:40:17","modified_gmt":"2009-06-01T17:40:17","slug":"lebenslaenglich","status":"publish","type":"post","link":"http:\/\/www.kunstgalerie-barbara.de\/blog\/2009\/05\/lebenslaenglich\/","title":{"rendered":"Lebensl\u00c3\u00a4nglich!!!"},"content":{"rendered":"<p style=\"text-align: center;\"><img loading=\"lazy\" decoding=\"async\" class=\"aligncenter size-full wp-image-1991\" title=\"p1010051\" src=\"http:\/\/www.kunstgalerie-barbara.de\/blog\/wp-content\/uploads\/2009\/05\/p1010051.jpg\" alt=\"p1010051\" width=\"346\" height=\"461\" \/>Serengetipark Hodenhagen by Barbara Wenzel-Winter<\/p>\n<p>Wir klagen zu Recht Naziverbrechen an, doch es ist meines Erachtens ein genauso verdammenswertes Verbrechen, Tiere im Zoo einzusperren und gegen Geld zur Schau zu stellen. Nur mit Schauern gelingt es mir beispielsweise, mich in einen Gorilla hineinzuversetzen, der sein Leben auf Dauer in einem vergleichsweise tristen viel zu engen Gehege zubringen muss, anstatt sein Leben frei  in der Natur zu fristen. F\u00c3\u00bcr ein derart intelligentes, f\u00c3\u00bchlendes und uns Menschen genetisch so nahes Gesch\u00c3\u00b6pf muss es so \u00c3\u00a4hnlich sein, als wenn ein Mensch den Rest seiner Tage  im Strafvollzug, sprich im Gef\u00c3\u00a4ngnis, zubringen mu\u00c3\u0178. Menschen allerdings wird dies in einem Rechtsstaat wie unserem nur auferlegt, wenn sie ein entsprechendes Gesetz \u00c3\u00bcbertreten haben und auch dann nur meist auf Zeit.<!--more--> Tiere im  Zoo dagegen bekommen lebensl\u00c3\u00a4nglich, ohne das Geringste verbrochen zu haben. Gorillas sind, wie wir sehr wohl wissen, Gesch\u00c3\u00b6pfe, die sich da, wo sie von Natur aus heimisch sind, ohne den Menschen am Leben erhalten k\u00c3\u00b6nnen. Sie haben ein immenses Wissen \u00c3\u00bcber Kr\u00c3\u00a4uter und Pflanzen, von denen sie sich ern\u00c3\u00a4hren und sie wissen sehr genau, wohin sie sich bewegen m\u00c3\u00bcssen, um an diese Nahrung zu kommen. Dies trifft im \u00c3\u0153brigen auf jedes andere Zootier zu. Alle sind sehr wohl in der Lage, sich selbst am Leben zu erhalten und doch werden sie wie Gesch\u00c3\u00b6pfe gehalten, denen es genau daran gebricht. Auch die Idee sie auf diese Weise vor dem Aussterben zu bewahren \u00c3\u00a4ndert \u00c3\u00bcbrigens nicht das Geringste an der perversen Art unseres Vorgehens.<\/p>\n<p style=\"text-align: center;\">\n","protected":false},"excerpt":{"rendered":"<p>Serengetipark Hodenhagen by Barbara Wenzel-Winter Wir klagen zu Recht Naziverbrechen an, doch es ist meines Erachtens ein genauso verdammenswertes Verbrechen, Tiere im Zoo einzusperren und gegen Geld zur Schau zu stellen. Nur mit Schauern gelingt es mir beispielsweise, mich in einen Gorilla hineinzuversetzen, der sein Leben auf Dauer in einem vergleichsweise tristen viel zu engen Gehege zubringen muss, anstatt sein Leben frei in der Natur zu fristen. F\u00c3\u00bcr ein derart intelligentes, f\u00c3\u00bchlendes und uns Menschen genetisch so nahes Gesch\u00c3\u00b6pf muss es so \u00c3\u00a4hnlich sein, als wenn ein Mensch den Rest seiner Tage im Strafvollzug, sprich im Gef\u00c3\u00a4ngnis, zubringen mu\u00c3\u0178. Menschen allerdings wird dies in einem Rechtsstaat wie unserem nur auferlegt, wenn sie ein entsprechendes Gesetz \u00c3\u00bcbertreten haben und auch dann nur meist auf Zeit.<\/p>\n","protected":false},"author":1,"featured_media":0,"comment_status":"open","ping_status":"open","sticky":false,"template":"","format":"standard","meta":{"footnotes":""},"categories":[19],"tags":[],"jetpack_featured_media_url":"","_links":{"self":[{"href":"http:\/\/www.kunstgalerie-barbara.de\/blog\/wp-json\/wp\/v2\/posts\/1989"}],"collection":[{"href":"http:\/\/www.kunstgalerie-barbara.de\/blog\/wp-json\/wp\/v2\/posts"}],"about":[{"href":"http:\/\/www.kunstgalerie-barbara.de\/blog\/wp-json\/wp\/v2\/types\/post"}],"author":[{"embeddable":true,"href":"http:\/\/www.kunstgalerie-barbara.de\/blog\/wp-json\/wp\/v2\/users\/1"}],"replies":[{"embeddable":true,"href":"http:\/\/www.kunstgalerie-barbara.de\/blog\/wp-json\/wp\/v2\/comments?post=1989"}],"version-history":[{"count":1,"href":"http:\/\/www.kunstgalerie-barbara.de\/blog\/wp-json\/wp\/v2\/posts\/1989\/revisions"}],"predecessor-version":[{"id":2002,"href":"http:\/\/www.kunstgalerie-barbara.de\/blog\/wp-json\/wp\/v2\/posts\/1989\/revisions\/2002"}],"wp:attachment":[{"href":"http:\/\/www.kunstgalerie-barbara.de\/blog\/wp-json\/wp\/v2\/media?parent=1989"}],"wp:term":[{"taxonomy":"category","embeddable":true,"href":"http:\/\/www.kunstgalerie-barbara.de\/blog\/wp-json\/wp\/v2\/categories?post=1989"},{"taxonomy":"post_tag","embeddable":true,"href":"http:\/\/www.kunstgalerie-barbara.de\/blog\/wp-json\/wp\/v2\/tags?post=1989"}],"curies":[{"name":"wp","href":"https:\/\/api.w.org\/{rel}","templated":true}]}}