{"id":19897,"date":"2018-05-24T10:06:49","date_gmt":"2018-05-24T08:06:49","guid":{"rendered":"http:\/\/www.kunstgalerie-barbara.de\/blog\/?p=19897"},"modified":"2018-05-24T10:07:35","modified_gmt":"2018-05-24T08:07:35","slug":"es-es-wichtig-fuer-voegel-igel-co-wenn-wir-unsere-gaerten-nicht-allzu-steril-und-aufgeraeumt-halten-das-sieht-nicht-nur-langweilig-aus-in-solchen-gaerten-haben-beispielsweise-igel-es-schwer-ein-e","status":"publish","type":"post","link":"http:\/\/www.kunstgalerie-barbara.de\/blog\/2018\/05\/es-es-wichtig-fuer-voegel-igel-co-wenn-wir-unsere-gaerten-nicht-allzu-steril-und-aufgeraeumt-halten-das-sieht-nicht-nur-langweilig-aus-in-solchen-gaerten-haben-beispielsweise-igel-es-schwer-ein-e\/","title":{"rendered":"Es es wichtig f\u00fcr V\u00f6gel, Igel &#038; Co wenn wir unsere G\u00e4rten nicht allzu steril und aufger\u00e4umt halten. Das sieht nicht nur langweilig aus, in solchen G\u00e4rten haben beispielsweise Igel es schwer ein Eckchen zu finden, in dem sie sich verstecken k\u00f6nnen. Auch Erdhummeln, die jedes Jahr ein neues Nest bauen, brauchen um dies tun zu k\u00f6nnen, ungest\u00f6rte Ecken und Winkel, desgleichen Hornissen. Wer Vielfalt m\u00f6chte mu\u00df sich zur\u00fcck nehmen und zulassen, mu\u00df scheinbare Unordnung geschehen lassen&#8230;."},"content":{"rendered":"<p><a href=\"http:\/\/www.kunstgalerie-barbara.de\/blog\/wp-content\/uploads\/2018\/05\/Gartenimpressionen.jpg\"><img loading=\"lazy\" decoding=\"async\" class=\"aligncenter  wp-image-19898\" src=\"http:\/\/www.kunstgalerie-barbara.de\/blog\/wp-content\/uploads\/2018\/05\/Gartenimpressionen-300x200.jpg\" alt=\"\" width=\"455\" height=\"303\" srcset=\"http:\/\/www.kunstgalerie-barbara.de\/blog\/wp-content\/uploads\/2018\/05\/Gartenimpressionen-300x200.jpg 300w, http:\/\/www.kunstgalerie-barbara.de\/blog\/wp-content\/uploads\/2018\/05\/Gartenimpressionen-768x512.jpg 768w, http:\/\/www.kunstgalerie-barbara.de\/blog\/wp-content\/uploads\/2018\/05\/Gartenimpressionen-1024x683.jpg 1024w\" sizes=\"(max-width: 455px) 100vw, 455px\" \/><\/a><\/p>\n","protected":false},"excerpt":{"rendered":"","protected":false},"author":1,"featured_media":0,"comment_status":"open","ping_status":"open","sticky":false,"template":"","format":"standard","meta":{"footnotes":""},"categories":[70,66,26,19,67,71,51,64],"tags":[],"jetpack_featured_media_url":"","_links":{"self":[{"href":"http:\/\/www.kunstgalerie-barbara.de\/blog\/wp-json\/wp\/v2\/posts\/19897"}],"collection":[{"href":"http:\/\/www.kunstgalerie-barbara.de\/blog\/wp-json\/wp\/v2\/posts"}],"about":[{"href":"http:\/\/www.kunstgalerie-barbara.de\/blog\/wp-json\/wp\/v2\/types\/post"}],"author":[{"embeddable":true,"href":"http:\/\/www.kunstgalerie-barbara.de\/blog\/wp-json\/wp\/v2\/users\/1"}],"replies":[{"embeddable":true,"href":"http:\/\/www.kunstgalerie-barbara.de\/blog\/wp-json\/wp\/v2\/comments?post=19897"}],"version-history":[{"count":2,"href":"http:\/\/www.kunstgalerie-barbara.de\/blog\/wp-json\/wp\/v2\/posts\/19897\/revisions"}],"predecessor-version":[{"id":19900,"href":"http:\/\/www.kunstgalerie-barbara.de\/blog\/wp-json\/wp\/v2\/posts\/19897\/revisions\/19900"}],"wp:attachment":[{"href":"http:\/\/www.kunstgalerie-barbara.de\/blog\/wp-json\/wp\/v2\/media?parent=19897"}],"wp:term":[{"taxonomy":"category","embeddable":true,"href":"http:\/\/www.kunstgalerie-barbara.de\/blog\/wp-json\/wp\/v2\/categories?post=19897"},{"taxonomy":"post_tag","embeddable":true,"href":"http:\/\/www.kunstgalerie-barbara.de\/blog\/wp-json\/wp\/v2\/tags?post=19897"}],"curies":[{"name":"wp","href":"https:\/\/api.w.org\/{rel}","templated":true}]}}