{"id":19908,"date":"2018-05-31T06:40:58","date_gmt":"2018-05-31T04:40:58","guid":{"rendered":"http:\/\/www.kunstgalerie-barbara.de\/blog\/?p=19908"},"modified":"2018-05-31T06:42:16","modified_gmt":"2018-05-31T04:42:16","slug":"fahrverbote-fuer-diesel-pkws-nuetzen-leider-ausschliesslich-der-automobilindustrie-und-sind-reine-augenwischerei-undfahrverbote-fuer-diesel-pkws-nuetzen-nicht-die-bohne-wenn-in-diesem-verbot-nicht-au","status":"publish","type":"post","link":"http:\/\/www.kunstgalerie-barbara.de\/blog\/2018\/05\/fahrverbote-fuer-diesel-pkws-nuetzen-leider-ausschliesslich-der-automobilindustrie-und-sind-reine-augenwischerei-undfahrverbote-fuer-diesel-pkws-nuetzen-nicht-die-bohne-wenn-in-diesem-verbot-nicht-au\/","title":{"rendered":"Fahrverbote f\u00fcr Diesel-PKWs n\u00fctzen leider ausschlie\u00dflich der Automobilindustrie und sind reine Augenwischerei und Fahrverbote f\u00fcr Diesel-PKWs n\u00fctzen nicht die Bohne, wenn in diesem Verbot nicht auch LKWs drin sind&#8230;&#8230;."},"content":{"rendered":"","protected":false},"excerpt":{"rendered":"","protected":false},"author":1,"featured_media":0,"comment_status":"open","ping_status":"open","sticky":false,"template":"","format":"standard","meta":{"footnotes":""},"categories":[42,75,67,40,51,64],"tags":[],"jetpack_featured_media_url":"","_links":{"self":[{"href":"http:\/\/www.kunstgalerie-barbara.de\/blog\/wp-json\/wp\/v2\/posts\/19908"}],"collection":[{"href":"http:\/\/www.kunstgalerie-barbara.de\/blog\/wp-json\/wp\/v2\/posts"}],"about":[{"href":"http:\/\/www.kunstgalerie-barbara.de\/blog\/wp-json\/wp\/v2\/types\/post"}],"author":[{"embeddable":true,"href":"http:\/\/www.kunstgalerie-barbara.de\/blog\/wp-json\/wp\/v2\/users\/1"}],"replies":[{"embeddable":true,"href":"http:\/\/www.kunstgalerie-barbara.de\/blog\/wp-json\/wp\/v2\/comments?post=19908"}],"version-history":[{"count":2,"href":"http:\/\/www.kunstgalerie-barbara.de\/blog\/wp-json\/wp\/v2\/posts\/19908\/revisions"}],"predecessor-version":[{"id":19910,"href":"http:\/\/www.kunstgalerie-barbara.de\/blog\/wp-json\/wp\/v2\/posts\/19908\/revisions\/19910"}],"wp:attachment":[{"href":"http:\/\/www.kunstgalerie-barbara.de\/blog\/wp-json\/wp\/v2\/media?parent=19908"}],"wp:term":[{"taxonomy":"category","embeddable":true,"href":"http:\/\/www.kunstgalerie-barbara.de\/blog\/wp-json\/wp\/v2\/categories?post=19908"},{"taxonomy":"post_tag","embeddable":true,"href":"http:\/\/www.kunstgalerie-barbara.de\/blog\/wp-json\/wp\/v2\/tags?post=19908"}],"curies":[{"name":"wp","href":"https:\/\/api.w.org\/{rel}","templated":true}]}}