{"id":19927,"date":"2018-06-06T11:31:26","date_gmt":"2018-06-06T09:31:26","guid":{"rendered":"http:\/\/www.kunstgalerie-barbara.de\/blog\/?p=19927"},"modified":"2018-06-06T11:31:26","modified_gmt":"2018-06-06T09:31:26","slug":"wenn-wirklich-allen-klar-waere-wie-nuetzlich-unsere-gartenvoegel-sind-weil-sie-unsere-pflanzen-aeusserst-emsig-und-effektiv-von-laestigen-insekten-befreien-wuerden-sie-viel-sorgsamer-und-respektvol","status":"publish","type":"post","link":"http:\/\/www.kunstgalerie-barbara.de\/blog\/2018\/06\/wenn-wirklich-allen-klar-waere-wie-nuetzlich-unsere-gartenvoegel-sind-weil-sie-unsere-pflanzen-aeusserst-emsig-und-effektiv-von-laestigen-insekten-befreien-wuerden-sie-viel-sorgsamer-und-respektvol\/","title":{"rendered":"Wenn wirklich allen klar w\u00e4re, wie n\u00fctzlich unsere Gartenv\u00f6gel sind, weil sie unsere Pflanzen \u00e4u\u00dferst emsig und effektiv von l\u00e4stigen Insekten befreien, w\u00fcrden sie viel sorgsamer und respektvoller mit ihnen umgehen&#8230;"},"content":{"rendered":"<p><a href=\"http:\/\/www.kunstgalerie-barbara.de\/blog\/wp-content\/uploads\/2018\/06\/Bisi-geniesst.jpg\"><img loading=\"lazy\" decoding=\"async\" class=\"aligncenter  wp-image-19928\" src=\"http:\/\/www.kunstgalerie-barbara.de\/blog\/wp-content\/uploads\/2018\/06\/Bisi-geniesst-300x200.jpg\" alt=\"\" width=\"456\" height=\"304\" srcset=\"http:\/\/www.kunstgalerie-barbara.de\/blog\/wp-content\/uploads\/2018\/06\/Bisi-geniesst-300x200.jpg 300w, http:\/\/www.kunstgalerie-barbara.de\/blog\/wp-content\/uploads\/2018\/06\/Bisi-geniesst-768x512.jpg 768w, http:\/\/www.kunstgalerie-barbara.de\/blog\/wp-content\/uploads\/2018\/06\/Bisi-geniesst-1024x683.jpg 1024w\" sizes=\"(max-width: 456px) 100vw, 456px\" \/><\/a><\/p>\n","protected":false},"excerpt":{"rendered":"","protected":false},"author":1,"featured_media":0,"comment_status":"open","ping_status":"open","sticky":false,"template":"","format":"standard","meta":{"footnotes":""},"categories":[70,66,73,26,19,51],"tags":[],"jetpack_featured_media_url":"","_links":{"self":[{"href":"http:\/\/www.kunstgalerie-barbara.de\/blog\/wp-json\/wp\/v2\/posts\/19927"}],"collection":[{"href":"http:\/\/www.kunstgalerie-barbara.de\/blog\/wp-json\/wp\/v2\/posts"}],"about":[{"href":"http:\/\/www.kunstgalerie-barbara.de\/blog\/wp-json\/wp\/v2\/types\/post"}],"author":[{"embeddable":true,"href":"http:\/\/www.kunstgalerie-barbara.de\/blog\/wp-json\/wp\/v2\/users\/1"}],"replies":[{"embeddable":true,"href":"http:\/\/www.kunstgalerie-barbara.de\/blog\/wp-json\/wp\/v2\/comments?post=19927"}],"version-history":[{"count":1,"href":"http:\/\/www.kunstgalerie-barbara.de\/blog\/wp-json\/wp\/v2\/posts\/19927\/revisions"}],"predecessor-version":[{"id":19929,"href":"http:\/\/www.kunstgalerie-barbara.de\/blog\/wp-json\/wp\/v2\/posts\/19927\/revisions\/19929"}],"wp:attachment":[{"href":"http:\/\/www.kunstgalerie-barbara.de\/blog\/wp-json\/wp\/v2\/media?parent=19927"}],"wp:term":[{"taxonomy":"category","embeddable":true,"href":"http:\/\/www.kunstgalerie-barbara.de\/blog\/wp-json\/wp\/v2\/categories?post=19927"},{"taxonomy":"post_tag","embeddable":true,"href":"http:\/\/www.kunstgalerie-barbara.de\/blog\/wp-json\/wp\/v2\/tags?post=19927"}],"curies":[{"name":"wp","href":"https:\/\/api.w.org\/{rel}","templated":true}]}}