{"id":19981,"date":"2018-06-30T06:42:20","date_gmt":"2018-06-30T04:42:20","guid":{"rendered":"http:\/\/www.kunstgalerie-barbara.de\/blog\/?p=19981"},"modified":"2018-06-30T06:42:20","modified_gmt":"2018-06-30T04:42:20","slug":"moevenkuecken-mitten-auf-einer-strasse-im-baugelaende-der-bremer-ueberseestadt-konnte-man-seinerzeit-noch-beobachten-und-ablichten-heute-ist-leider-alles-zuasphaltiert-und-zugebaut-in-diesem-neuen-sc","status":"publish","type":"post","link":"http:\/\/www.kunstgalerie-barbara.de\/blog\/2018\/06\/moevenkuecken-mitten-auf-einer-strasse-im-baugelaende-der-bremer-ueberseestadt-konnte-man-seinerzeit-noch-beobachten-und-ablichten-heute-ist-leider-alles-zuasphaltiert-und-zugebaut-in-diesem-neuen-sc\/","title":{"rendered":"M\u00f6venk\u00fccken mitten auf einer Strasse im Baugel\u00e4nde der Bremer \u00dcberseestadt konnte man seinerzeit noch beobachten und ablichten. Heute ist leider alles zuasphaltiert und zugebaut in diesem neuen Schickimickiviertel, dass f\u00fcr br\u00fctende V\u00f6gel dort kein Platz mehr ist&#8230;."},"content":{"rendered":"<p><a href=\"http:\/\/www.kunstgalerie-barbara.de\/blog\/wp-content\/uploads\/2018\/06\/M\u00f6venk\u00fccken.jpg\"><img loading=\"lazy\" decoding=\"async\" class=\"aligncenter  wp-image-19982\" src=\"http:\/\/www.kunstgalerie-barbara.de\/blog\/wp-content\/uploads\/2018\/06\/M\u00f6venk\u00fccken-217x300.jpg\" alt=\"\" width=\"444\" height=\"614\" srcset=\"http:\/\/www.kunstgalerie-barbara.de\/blog\/wp-content\/uploads\/2018\/06\/M\u00f6venk\u00fccken-217x300.jpg 217w, http:\/\/www.kunstgalerie-barbara.de\/blog\/wp-content\/uploads\/2018\/06\/M\u00f6venk\u00fccken-768x1063.jpg 768w, http:\/\/www.kunstgalerie-barbara.de\/blog\/wp-content\/uploads\/2018\/06\/M\u00f6venk\u00fccken-740x1024.jpg 740w\" sizes=\"(max-width: 444px) 100vw, 444px\" \/><\/a><\/p>\n","protected":false},"excerpt":{"rendered":"","protected":false},"author":1,"featured_media":0,"comment_status":"open","ping_status":"open","sticky":false,"template":"","format":"standard","meta":{"footnotes":""},"categories":[70,73,19,67,71,51],"tags":[],"jetpack_featured_media_url":"","_links":{"self":[{"href":"http:\/\/www.kunstgalerie-barbara.de\/blog\/wp-json\/wp\/v2\/posts\/19981"}],"collection":[{"href":"http:\/\/www.kunstgalerie-barbara.de\/blog\/wp-json\/wp\/v2\/posts"}],"about":[{"href":"http:\/\/www.kunstgalerie-barbara.de\/blog\/wp-json\/wp\/v2\/types\/post"}],"author":[{"embeddable":true,"href":"http:\/\/www.kunstgalerie-barbara.de\/blog\/wp-json\/wp\/v2\/users\/1"}],"replies":[{"embeddable":true,"href":"http:\/\/www.kunstgalerie-barbara.de\/blog\/wp-json\/wp\/v2\/comments?post=19981"}],"version-history":[{"count":1,"href":"http:\/\/www.kunstgalerie-barbara.de\/blog\/wp-json\/wp\/v2\/posts\/19981\/revisions"}],"predecessor-version":[{"id":19983,"href":"http:\/\/www.kunstgalerie-barbara.de\/blog\/wp-json\/wp\/v2\/posts\/19981\/revisions\/19983"}],"wp:attachment":[{"href":"http:\/\/www.kunstgalerie-barbara.de\/blog\/wp-json\/wp\/v2\/media?parent=19981"}],"wp:term":[{"taxonomy":"category","embeddable":true,"href":"http:\/\/www.kunstgalerie-barbara.de\/blog\/wp-json\/wp\/v2\/categories?post=19981"},{"taxonomy":"post_tag","embeddable":true,"href":"http:\/\/www.kunstgalerie-barbara.de\/blog\/wp-json\/wp\/v2\/tags?post=19981"}],"curies":[{"name":"wp","href":"https:\/\/api.w.org\/{rel}","templated":true}]}}