{"id":20014,"date":"2018-07-26T12:33:41","date_gmt":"2018-07-26T10:33:41","guid":{"rendered":"http:\/\/www.kunstgalerie-barbara.de\/blog\/?p=20014"},"modified":"2018-07-26T12:33:41","modified_gmt":"2018-07-26T10:33:41","slug":"wer-wasser-sparen-will-giesst-momentan-besser-mit-abwasser-wer-das-tut-merkt-erst-wieviel-wasser-gewoehnlich-ungenutzt-durchrauscht-also-immer-stoepsel-reintun-beim-obst-und-gemuesewaschen-und-au","status":"publish","type":"post","link":"http:\/\/www.kunstgalerie-barbara.de\/blog\/2018\/07\/wer-wasser-sparen-will-giesst-momentan-besser-mit-abwasser-wer-das-tut-merkt-erst-wieviel-wasser-gewoehnlich-ungenutzt-durchrauscht-also-immer-stoepsel-reintun-beim-obst-und-gemuesewaschen-und-au\/","title":{"rendered":"Wer Wasser sparen will, gie\u00dft momentan besser mit Abwasser. Wer das tut, merkt erst, wieviel Wasser gew\u00f6hnlich ungenutzt durchrauscht. Also immer St\u00f6psel reintun beim Obst und Gem\u00fcsewaschen und auch beim Geschirr absp\u00fclen, denn unseren Pflanzen ist es egal ob sie gebrauchtes Wasser bekommen oder frisches. Allerdings Sp\u00fclmittel sollte nicht dabei sein, denn das m\u00f6gen sie dann doch nicht so gerne. \u00dcbrigens mit Abwasser gie\u00dfen schafft Bewegung, Wasser sammeln und raus in den Garten und das zigmal am Vormittag, das macht sportlich. Wer so Blumen w\u00e4ssert, kann das Joggen getrost weglassen."},"content":{"rendered":"<p><a href=\"http:\/\/www.kunstgalerie-barbara.de\/blog\/wp-content\/uploads\/2018\/07\/Dahlie.jpg\"><img loading=\"lazy\" decoding=\"async\" class=\"aligncenter  wp-image-20015\" src=\"http:\/\/www.kunstgalerie-barbara.de\/blog\/wp-content\/uploads\/2018\/07\/Dahlie-217x300.jpg\" alt=\"\" width=\"442\" height=\"611\" srcset=\"http:\/\/www.kunstgalerie-barbara.de\/blog\/wp-content\/uploads\/2018\/07\/Dahlie-217x300.jpg 217w, http:\/\/www.kunstgalerie-barbara.de\/blog\/wp-content\/uploads\/2018\/07\/Dahlie-768x1063.jpg 768w, http:\/\/www.kunstgalerie-barbara.de\/blog\/wp-content\/uploads\/2018\/07\/Dahlie-740x1024.jpg 740w\" sizes=\"(max-width: 442px) 100vw, 442px\" \/><\/a><\/p>\n","protected":false},"excerpt":{"rendered":"","protected":false},"author":1,"featured_media":0,"comment_status":"open","ping_status":"open","sticky":false,"template":"","format":"standard","meta":{"footnotes":""},"categories":[70,66,73,26,19,67,51],"tags":[],"jetpack_featured_media_url":"","_links":{"self":[{"href":"http:\/\/www.kunstgalerie-barbara.de\/blog\/wp-json\/wp\/v2\/posts\/20014"}],"collection":[{"href":"http:\/\/www.kunstgalerie-barbara.de\/blog\/wp-json\/wp\/v2\/posts"}],"about":[{"href":"http:\/\/www.kunstgalerie-barbara.de\/blog\/wp-json\/wp\/v2\/types\/post"}],"author":[{"embeddable":true,"href":"http:\/\/www.kunstgalerie-barbara.de\/blog\/wp-json\/wp\/v2\/users\/1"}],"replies":[{"embeddable":true,"href":"http:\/\/www.kunstgalerie-barbara.de\/blog\/wp-json\/wp\/v2\/comments?post=20014"}],"version-history":[{"count":1,"href":"http:\/\/www.kunstgalerie-barbara.de\/blog\/wp-json\/wp\/v2\/posts\/20014\/revisions"}],"predecessor-version":[{"id":20016,"href":"http:\/\/www.kunstgalerie-barbara.de\/blog\/wp-json\/wp\/v2\/posts\/20014\/revisions\/20016"}],"wp:attachment":[{"href":"http:\/\/www.kunstgalerie-barbara.de\/blog\/wp-json\/wp\/v2\/media?parent=20014"}],"wp:term":[{"taxonomy":"category","embeddable":true,"href":"http:\/\/www.kunstgalerie-barbara.de\/blog\/wp-json\/wp\/v2\/categories?post=20014"},{"taxonomy":"post_tag","embeddable":true,"href":"http:\/\/www.kunstgalerie-barbara.de\/blog\/wp-json\/wp\/v2\/tags?post=20014"}],"curies":[{"name":"wp","href":"https:\/\/api.w.org\/{rel}","templated":true}]}}