{"id":20045,"date":"2018-08-07T14:53:04","date_gmt":"2018-08-07T12:53:04","guid":{"rendered":"http:\/\/www.kunstgalerie-barbara.de\/blog\/?p=20045"},"modified":"2018-08-07T14:59:09","modified_gmt":"2018-08-07T12:59:09","slug":"ab-heute-findet-in-bremen-weder-analoges-radio-noch-analoges-fernsehen-statt-es-wurde-einfach-abgeschaltet-aus-die-maus-na-so-was-jetzt-kannste-also-nur-noch-mit-receiver-kabelradio-hoeren-di","status":"publish","type":"post","link":"http:\/\/www.kunstgalerie-barbara.de\/blog\/2018\/08\/ab-heute-findet-in-bremen-weder-analoges-radio-noch-analoges-fernsehen-statt-es-wurde-einfach-abgeschaltet-aus-die-maus-na-so-was-jetzt-kannste-also-nur-noch-mit-receiver-kabelradio-hoeren-di\/","title":{"rendered":"Ab heute findet in Bremen weder analoges Radio noch analoges Fernsehen statt. Es wurde einfach abgeschaltet. Aus die Maus. Na so was &#8230;. Jetzt kannste also nur noch mit Receiver Kabelradio h\u00f6ren. Diese Dinger sind jedoch nicht unbedingt preiswert und nicht passend f\u00fcr Compactanlagen der Neunziger, denn die haben keinen Audioeingang. Das ist pure Diktatur. Also was machen? Ne andere M\u00f6glichkeit, Radio samt CD Player mit prima Akustik einfach wegschmei\u00dfen und neues anschaffen, das nicht ann\u00e4hernd die Quallit\u00e4t hat wie das Alte daf\u00fcr aber internetcompatibel ist. Genau scheint auch der Plan zu sein, Wirtschaft ankurbeln, egal wie. \u00dcbrigens ist die ganze Aktion mehr als asozial, weil sich ne ganze Menge Mitmenschen sich dies nicht leisten k\u00f6nnen. F\u00fcr die gibts ab jetzt weder Radio noch Fernsehen. Aber wir lassen uns ja alles gefallen, nicht wahr liebe Mitb\u00fcrger&#8230;"},"content":{"rendered":"","protected":false},"excerpt":{"rendered":"","protected":false},"author":1,"featured_media":0,"comment_status":"open","ping_status":"open","sticky":false,"template":"","format":"standard","meta":{"footnotes":""},"categories":[42,40],"tags":[],"jetpack_featured_media_url":"","_links":{"self":[{"href":"http:\/\/www.kunstgalerie-barbara.de\/blog\/wp-json\/wp\/v2\/posts\/20045"}],"collection":[{"href":"http:\/\/www.kunstgalerie-barbara.de\/blog\/wp-json\/wp\/v2\/posts"}],"about":[{"href":"http:\/\/www.kunstgalerie-barbara.de\/blog\/wp-json\/wp\/v2\/types\/post"}],"author":[{"embeddable":true,"href":"http:\/\/www.kunstgalerie-barbara.de\/blog\/wp-json\/wp\/v2\/users\/1"}],"replies":[{"embeddable":true,"href":"http:\/\/www.kunstgalerie-barbara.de\/blog\/wp-json\/wp\/v2\/comments?post=20045"}],"version-history":[{"count":4,"href":"http:\/\/www.kunstgalerie-barbara.de\/blog\/wp-json\/wp\/v2\/posts\/20045\/revisions"}],"predecessor-version":[{"id":20049,"href":"http:\/\/www.kunstgalerie-barbara.de\/blog\/wp-json\/wp\/v2\/posts\/20045\/revisions\/20049"}],"wp:attachment":[{"href":"http:\/\/www.kunstgalerie-barbara.de\/blog\/wp-json\/wp\/v2\/media?parent=20045"}],"wp:term":[{"taxonomy":"category","embeddable":true,"href":"http:\/\/www.kunstgalerie-barbara.de\/blog\/wp-json\/wp\/v2\/categories?post=20045"},{"taxonomy":"post_tag","embeddable":true,"href":"http:\/\/www.kunstgalerie-barbara.de\/blog\/wp-json\/wp\/v2\/tags?post=20045"}],"curies":[{"name":"wp","href":"https:\/\/api.w.org\/{rel}","templated":true}]}}