{"id":20054,"date":"2018-08-12T05:58:00","date_gmt":"2018-08-12T03:58:00","guid":{"rendered":"http:\/\/www.kunstgalerie-barbara.de\/blog\/?p=20054"},"modified":"2018-08-12T06:00:35","modified_gmt":"2018-08-12T04:00:35","slug":"es-gibt-sone-und-solche-weiden-hitze-ist-eine-sache-aber-dummes-verhalten-eine-andere-wenn-die-sonne-runterknallt-rasiert-man-besser-keine-wiesen-denn-dadurch-wird-nicht-nur-das-gras-nachhaltig-ges","status":"publish","type":"post","link":"http:\/\/www.kunstgalerie-barbara.de\/blog\/2018\/08\/es-gibt-sone-und-solche-weiden-hitze-ist-eine-sache-aber-dummes-verhalten-eine-andere-wenn-die-sonne-runterknallt-rasiert-man-besser-keine-wiesen-denn-dadurch-wird-nicht-nur-das-gras-nachhaltig-ges\/","title":{"rendered":"Es gibt sone und solche Weiden. Hitze ist eine Sache aber dummes Verhalten eine andere. Wenn die Sonne runterknallt rasiert man besser keine Wiesen, denn dadurch wird nicht nur das Gras nachhaltig gesch\u00e4digt, sondern auch die Fauna darunter in der Erde, all das was da kreucht und fleucht um unseren Boden gesund zu erhalten. Bei solcher Witterung ist es entschieden besser die, Rinder auf die Weiden zu lassen, als zu m\u00e4hen, denn Rinder halten Gras kurz aber nicht zu kurz und gleichzeitig bekommen sie nat\u00fcrliche artgem\u00e4\u00dfe Nahrung. Es mu\u00df nicht zugef\u00fcttert werden, es m\u00fc\u00dften auch keine Rinder geschlachtet werden wegen Nahrungsmangel. Alles Mumpitz, aber erz\u00e4hl das mal unseren Bauern&#8230;."},"content":{"rendered":"<p><a href=\"http:\/\/www.kunstgalerie-barbara.de\/blog\/wp-content\/uploads\/2018\/08\/Wichtelhausen.jpg\"><img loading=\"lazy\" decoding=\"async\" class=\"aligncenter wp-image-20055\" src=\"http:\/\/www.kunstgalerie-barbara.de\/blog\/wp-content\/uploads\/2018\/08\/Wichtelhausen-217x300.jpg\" alt=\"\" width=\"451\" height=\"624\" srcset=\"http:\/\/www.kunstgalerie-barbara.de\/blog\/wp-content\/uploads\/2018\/08\/Wichtelhausen-217x300.jpg 217w, http:\/\/www.kunstgalerie-barbara.de\/blog\/wp-content\/uploads\/2018\/08\/Wichtelhausen-768x1063.jpg 768w, http:\/\/www.kunstgalerie-barbara.de\/blog\/wp-content\/uploads\/2018\/08\/Wichtelhausen-740x1024.jpg 740w\" sizes=\"(max-width: 451px) 100vw, 451px\" \/><\/a><\/p>\n","protected":false},"excerpt":{"rendered":"","protected":false},"author":1,"featured_media":0,"comment_status":"open","ping_status":"open","sticky":false,"template":"","format":"standard","meta":{"footnotes":""},"categories":[70,42,75,67,40,71,51],"tags":[],"jetpack_featured_media_url":"","_links":{"self":[{"href":"http:\/\/www.kunstgalerie-barbara.de\/blog\/wp-json\/wp\/v2\/posts\/20054"}],"collection":[{"href":"http:\/\/www.kunstgalerie-barbara.de\/blog\/wp-json\/wp\/v2\/posts"}],"about":[{"href":"http:\/\/www.kunstgalerie-barbara.de\/blog\/wp-json\/wp\/v2\/types\/post"}],"author":[{"embeddable":true,"href":"http:\/\/www.kunstgalerie-barbara.de\/blog\/wp-json\/wp\/v2\/users\/1"}],"replies":[{"embeddable":true,"href":"http:\/\/www.kunstgalerie-barbara.de\/blog\/wp-json\/wp\/v2\/comments?post=20054"}],"version-history":[{"count":3,"href":"http:\/\/www.kunstgalerie-barbara.de\/blog\/wp-json\/wp\/v2\/posts\/20054\/revisions"}],"predecessor-version":[{"id":20059,"href":"http:\/\/www.kunstgalerie-barbara.de\/blog\/wp-json\/wp\/v2\/posts\/20054\/revisions\/20059"}],"wp:attachment":[{"href":"http:\/\/www.kunstgalerie-barbara.de\/blog\/wp-json\/wp\/v2\/media?parent=20054"}],"wp:term":[{"taxonomy":"category","embeddable":true,"href":"http:\/\/www.kunstgalerie-barbara.de\/blog\/wp-json\/wp\/v2\/categories?post=20054"},{"taxonomy":"post_tag","embeddable":true,"href":"http:\/\/www.kunstgalerie-barbara.de\/blog\/wp-json\/wp\/v2\/tags?post=20054"}],"curies":[{"name":"wp","href":"https:\/\/api.w.org\/{rel}","templated":true}]}}