{"id":20067,"date":"2018-08-20T17:08:24","date_gmt":"2018-08-20T15:08:24","guid":{"rendered":"http:\/\/www.kunstgalerie-barbara.de\/blog\/?p=20067"},"modified":"2018-08-20T17:08:24","modified_gmt":"2018-08-20T15:08:24","slug":"ein-altenheim-in-bremen-und-umzu-symptomatisch-fuer-fast-alle-altenheime-und-nicht-so-dass-man-sich-dort-heimisch-fuehlen-kann-dieses-hier-ist-ganz-besonders-krass-denn-es-liegt-nur-wenige-mete","status":"publish","type":"post","link":"http:\/\/www.kunstgalerie-barbara.de\/blog\/2018\/08\/ein-altenheim-in-bremen-und-umzu-symptomatisch-fuer-fast-alle-altenheime-und-nicht-so-dass-man-sich-dort-heimisch-fuehlen-kann-dieses-hier-ist-ganz-besonders-krass-denn-es-liegt-nur-wenige-mete\/","title":{"rendered":"Ein Altenheim in Bremen und Umzu&#8230;. Symptomatisch f\u00fcr fast alle Altenheime und nicht so, dass man sich dort heimisch f\u00fchlen kann. Dieses hier ist ganz besonders krass, denn es liegt nur wenige Meter von einer Durchgangsstrasse entfernt, ist eingez\u00e4unt, hat einen \u00e4u\u00dferst spartanischen Auslauf, aber ist daf\u00fcr direkt am Friedhof gelegen und hat nen prima Ausblick auf das, was den Insassen demn\u00e4chst bl\u00fcht. Auch ist dieser Gottesacker wesentlich ansprechender um sich die Beine zu vertreten und besser dazu geeignet, als der fantasilose Parkur vor dem Haus, der einem Trampelpfad mehr \u00e4hnelt als einem Vorgarten. Wenn das Innere des Geb\u00e4udes so gestaltet ist wie das \u00c4u\u00dfere, dann gute Nacht Freunde&#8230;."},"content":{"rendered":"<p><a href=\"http:\/\/www.kunstgalerie-barbara.de\/blog\/wp-content\/uploads\/2018\/08\/Altersheim.jpg\"><img loading=\"lazy\" decoding=\"async\" class=\"aligncenter  wp-image-20068\" src=\"http:\/\/www.kunstgalerie-barbara.de\/blog\/wp-content\/uploads\/2018\/08\/Altersheim-217x300.jpg\" alt=\"\" width=\"441\" height=\"610\" srcset=\"http:\/\/www.kunstgalerie-barbara.de\/blog\/wp-content\/uploads\/2018\/08\/Altersheim-217x300.jpg 217w, http:\/\/www.kunstgalerie-barbara.de\/blog\/wp-content\/uploads\/2018\/08\/Altersheim-768x1063.jpg 768w, http:\/\/www.kunstgalerie-barbara.de\/blog\/wp-content\/uploads\/2018\/08\/Altersheim-740x1024.jpg 740w\" sizes=\"(max-width: 441px) 100vw, 441px\" \/><\/a><\/p>\n","protected":false},"excerpt":{"rendered":"","protected":false},"author":1,"featured_media":0,"comment_status":"open","ping_status":"open","sticky":false,"template":"","format":"standard","meta":{"footnotes":""},"categories":[70,42,40],"tags":[],"jetpack_featured_media_url":"","_links":{"self":[{"href":"http:\/\/www.kunstgalerie-barbara.de\/blog\/wp-json\/wp\/v2\/posts\/20067"}],"collection":[{"href":"http:\/\/www.kunstgalerie-barbara.de\/blog\/wp-json\/wp\/v2\/posts"}],"about":[{"href":"http:\/\/www.kunstgalerie-barbara.de\/blog\/wp-json\/wp\/v2\/types\/post"}],"author":[{"embeddable":true,"href":"http:\/\/www.kunstgalerie-barbara.de\/blog\/wp-json\/wp\/v2\/users\/1"}],"replies":[{"embeddable":true,"href":"http:\/\/www.kunstgalerie-barbara.de\/blog\/wp-json\/wp\/v2\/comments?post=20067"}],"version-history":[{"count":1,"href":"http:\/\/www.kunstgalerie-barbara.de\/blog\/wp-json\/wp\/v2\/posts\/20067\/revisions"}],"predecessor-version":[{"id":20069,"href":"http:\/\/www.kunstgalerie-barbara.de\/blog\/wp-json\/wp\/v2\/posts\/20067\/revisions\/20069"}],"wp:attachment":[{"href":"http:\/\/www.kunstgalerie-barbara.de\/blog\/wp-json\/wp\/v2\/media?parent=20067"}],"wp:term":[{"taxonomy":"category","embeddable":true,"href":"http:\/\/www.kunstgalerie-barbara.de\/blog\/wp-json\/wp\/v2\/categories?post=20067"},{"taxonomy":"post_tag","embeddable":true,"href":"http:\/\/www.kunstgalerie-barbara.de\/blog\/wp-json\/wp\/v2\/tags?post=20067"}],"curies":[{"name":"wp","href":"https:\/\/api.w.org\/{rel}","templated":true}]}}